{"id":443,"date":"2024-03-28T09:22:00","date_gmt":"2024-03-28T09:22:00","guid":{"rendered":"https:\/\/buragaleria.hu\/?p=443"},"modified":"2026-01-26T17:24:59","modified_gmt":"2026-01-26T17:24:59","slug":"te-nem-vagy-olyan-elet-es-irodalom","status":"publish","type":"post","link":"https:\/\/buragaleria.hu\/en\/te-nem-vagy-olyan-elet-es-irodalom\/","title":{"rendered":"Te nem vagy olyan"},"content":{"rendered":"<p style=\"font-weight: 400;\">A Bura Gal\u00e9ri\u00e1ban ki\u00e1ll\u00edt\u00f3 n\u00e9gy fiatal roma n\u0151m\u0171v\u00e9sz munk\u00e1i egym\u00e1st eg\u00e9sz\u00edtik ki. A K\u00e9pz\u0151m\u0171v\u00e9szeti Egyetemet v\u00e9gzett Bal\u00e1zs Kitti \u00f6t \u00e9v kihagy\u00e1s ut\u00e1n t\u00e9rt vissza a m\u0171v\u00e9szethez. Festm\u00e9nyei egy soha nem volt vil\u00e1got id\u00e9znek fel, radik\u00e1lis sz\u00fcrrealizmussal \u00e9s fant\u00e1zi\u00e1val.<\/p>\n<div><\/div>\n<div><\/div>","protected":false},"excerpt":{"rendered":"<p>A Bura Gal\u00e9ri\u00e1ban ki\u00e1ll\u00edt\u00f3 n\u00e9gy fiatal roma n\u0151m\u0171v\u00e9sz munk\u00e1i egym\u00e1st eg\u00e9sz\u00edtik ki. A K\u00e9pz\u0151m\u0171v\u00e9szeti Egyetemet v\u00e9gzett Bal\u00e1zs Kitti \u00f6t \u00e9v kihagy\u00e1s ut\u00e1n t\u00e9rt vissza a m\u0171v\u00e9szethez. Festm\u00e9nyei egy soha nem volt vil\u00e1got id\u00e9znek fel, radik\u00e1lis sz\u00fcrrealizmussal \u00e9s fant\u00e1zi\u00e1val.<\/p>\n<p><a href=\"https:\/\/buragaleria.hu\/en\/te-nem-vagy-olyan-elet-es-irodalom\/\" class=\"more\">see more<\/a><\/p>","protected":false},"author":1,"featured_media":983,"comment_status":"closed","ping_status":"closed","sticky":false,"template":"","format":"standard","meta":{"_acf_changed":false,"footnotes":""},"categories":[3],"tags":[],"class_list":["post-443","post","type-post","status-publish","format-standard","has-post-thumbnail","hentry","category-press"],"acf":[],"yoast_head":"<!-- This site is optimized with the Yoast SEO Premium plugin v26.2 (Yoast SEO v26.5) - https:\/\/yoast.com\/wordpress\/plugins\/seo\/ -->\n<title>Te nem vagy olyan - Bura Gal\u00e9ria<\/title>\n<meta name=\"description\" content=\"A Bura Gal\u00e9ri\u00e1ban ki\u00e1ll\u00edt\u00f3 n\u00e9gy fiatal roma n\u0151m\u0171v\u00e9sz munk\u00e1i egym\u00e1st eg\u00e9sz\u00edtik ki. A K\u00e9pz\u0151m\u0171v\u00e9szeti Egyetemet v\u00e9gzett Bal\u00e1zs Kitti...\" \/>\n<meta name=\"robots\" content=\"index, follow, max-snippet:-1, max-image-preview:large, max-video-preview:-1\" \/>\n<link rel=\"canonical\" href=\"https:\/\/buragaleria.hu\/en\/te-nem-vagy-olyan-elet-es-irodalom\/\" \/>\n<meta property=\"og:locale\" content=\"en_GB\" \/>\n<meta property=\"og:type\" content=\"article\" \/>\n<meta property=\"og:title\" content=\"Te nem vagy olyan\" \/>\n<meta property=\"og:description\" content=\"A Bura Gal\u00e9ri\u00e1ban ki\u00e1ll\u00edt\u00f3 n\u00e9gy fiatal roma n\u0151m\u0171v\u00e9sz munk\u00e1i egym\u00e1st eg\u00e9sz\u00edtik ki. A K\u00e9pz\u0151m\u0171v\u00e9szeti Egyetemet v\u00e9gzett Bal\u00e1zs Kitti...\" \/>\n<meta property=\"og:url\" content=\"https:\/\/buragaleria.hu\/en\/te-nem-vagy-olyan-elet-es-irodalom\/\" \/>\n<meta property=\"og:site_name\" content=\"Bura Gal\u00e9ria\" \/>\n<meta property=\"article:published_time\" content=\"2024-03-28T09:22:00+00:00\" \/>\n<meta property=\"article:modified_time\" content=\"2026-01-26T17:24:59+00:00\" \/>\n<meta property=\"og:image\" content=\"https:\/\/buragaleria.hu\/wp-content\/uploads\/2024\/03\/24-1.3-tenemvagyolyan.jpg\" \/>\n\t<meta property=\"og:image:width\" content=\"1417\" \/>\n\t<meta property=\"og:image:height\" content=\"1063\" \/>\n\t<meta property=\"og:image:type\" content=\"image\/jpeg\" \/>\n<meta name=\"author\" content=\"admin\" \/>\n<meta name=\"twitter:card\" content=\"summary_large_image\" \/>\n<meta name=\"twitter:label1\" content=\"Written by\" \/>\n\t<meta name=\"twitter:data1\" content=\"admin\" \/>\n\t<meta name=\"twitter:label2\" content=\"Estimated reading time\" \/>\n\t<meta name=\"twitter:data2\" content=\"1 minute\" \/>\n<script type=\"application\/ld+json\" class=\"yoast-schema-graph\">{\"@context\":\"https:\/\/schema.org\",\"@graph\":[{\"@type\":\"Article\",\"@id\":\"https:\/\/buragaleria.hu\/te-nem-vagy-olyan-elet-es-irodalom\/#article\",\"isPartOf\":{\"@id\":\"https:\/\/buragaleria.hu\/te-nem-vagy-olyan-elet-es-irodalom\/\"},\"author\":{\"name\":\"admin\",\"@id\":\"https:\/\/buragaleria.hu\/#\/schema\/person\/b24f7abe62e333443d29e1034ad622e4\"},\"headline\":\"Te nem vagy olyan\",\"datePublished\":\"2024-03-28T09:22:00+00:00\",\"dateModified\":\"2026-01-26T17:24:59+00:00\",\"mainEntityOfPage\":{\"@id\":\"https:\/\/buragaleria.hu\/te-nem-vagy-olyan-elet-es-irodalom\/\"},\"wordCount\":72,\"publisher\":{\"@id\":\"https:\/\/buragaleria.hu\/#organization\"},\"image\":{\"@id\":\"https:\/\/buragaleria.hu\/te-nem-vagy-olyan-elet-es-irodalom\/#primaryimage\"},\"thumbnailUrl\":\"https:\/\/buragaleria.hu\/wp-content\/uploads\/2024\/03\/24-1.3-tenemvagyolyan.jpg\",\"articleSection\":[\"press\"],\"inLanguage\":\"en-GB\"},{\"@type\":\"WebPage\",\"@id\":\"https:\/\/buragaleria.hu\/te-nem-vagy-olyan-elet-es-irodalom\/\",\"url\":\"https:\/\/buragaleria.hu\/te-nem-vagy-olyan-elet-es-irodalom\/\",\"name\":\"Te nem vagy olyan - Bura Gal\u00e9ria\",\"isPartOf\":{\"@id\":\"https:\/\/buragaleria.hu\/#website\"},\"primaryImageOfPage\":{\"@id\":\"https:\/\/buragaleria.hu\/te-nem-vagy-olyan-elet-es-irodalom\/#primaryimage\"},\"image\":{\"@id\":\"https:\/\/buragaleria.hu\/te-nem-vagy-olyan-elet-es-irodalom\/#primaryimage\"},\"thumbnailUrl\":\"https:\/\/buragaleria.hu\/wp-content\/uploads\/2024\/03\/24-1.3-tenemvagyolyan.jpg\",\"datePublished\":\"2024-03-28T09:22:00+00:00\",\"dateModified\":\"2026-01-26T17:24:59+00:00\",\"description\":\"A Bura Gal\u00e9ri\u00e1ban ki\u00e1ll\u00edt\u00f3 n\u00e9gy fiatal roma n\u0151m\u0171v\u00e9sz munk\u00e1i egym\u00e1st eg\u00e9sz\u00edtik ki. A K\u00e9pz\u0151m\u0171v\u00e9szeti Egyetemet v\u00e9gzett Bal\u00e1zs Kitti...\",\"breadcrumb\":{\"@id\":\"https:\/\/buragaleria.hu\/te-nem-vagy-olyan-elet-es-irodalom\/#breadcrumb\"},\"inLanguage\":\"en-GB\",\"potentialAction\":[{\"@type\":\"ReadAction\",\"target\":[\"https:\/\/buragaleria.hu\/te-nem-vagy-olyan-elet-es-irodalom\/\"]}]},{\"@type\":\"ImageObject\",\"inLanguage\":\"en-GB\",\"@id\":\"https:\/\/buragaleria.hu\/te-nem-vagy-olyan-elet-es-irodalom\/#primaryimage\",\"url\":\"https:\/\/buragaleria.hu\/wp-content\/uploads\/2024\/03\/24-1.3-tenemvagyolyan.jpg\",\"contentUrl\":\"https:\/\/buragaleria.hu\/wp-content\/uploads\/2024\/03\/24-1.3-tenemvagyolyan.jpg\",\"width\":1417,\"height\":1063},{\"@type\":\"BreadcrumbList\",\"@id\":\"https:\/\/buragaleria.hu\/te-nem-vagy-olyan-elet-es-irodalom\/#breadcrumb\",\"itemListElement\":[{\"@type\":\"ListItem\",\"position\":1,\"name\":\"Kezd\u0151lap\",\"item\":\"https:\/\/buragaleria.hu\/\"},{\"@type\":\"ListItem\",\"position\":2,\"name\":\"Te nem vagy olyan\"}]},{\"@type\":\"WebSite\",\"@id\":\"https:\/\/buragaleria.hu\/#website\",\"url\":\"https:\/\/buragaleria.hu\/\",\"name\":\"Bura Gal\u00e9ria\",\"description\":\"\",\"publisher\":{\"@id\":\"https:\/\/buragaleria.hu\/#organization\"},\"potentialAction\":[{\"@type\":\"SearchAction\",\"target\":{\"@type\":\"EntryPoint\",\"urlTemplate\":\"https:\/\/buragaleria.hu\/?s={search_term_string}\"},\"query-input\":{\"@type\":\"PropertyValueSpecification\",\"valueRequired\":true,\"valueName\":\"search_term_string\"}}],\"inLanguage\":\"en-GB\"},{\"@type\":\"Organization\",\"@id\":\"https:\/\/buragaleria.hu\/#organization\",\"name\":\"Bura Gal\u00e9ria\",\"url\":\"https:\/\/buragaleria.hu\/\",\"logo\":{\"@type\":\"ImageObject\",\"inLanguage\":\"en-GB\",\"@id\":\"https:\/\/buragaleria.hu\/#\/schema\/logo\/image\/\",\"url\":\"https:\/\/buragaleria.hu\/wp-content\/uploads\/2025\/12\/cropped-BURAGALERIA-LOGO-PNG-1.png\",\"contentUrl\":\"https:\/\/buragaleria.hu\/wp-content\/uploads\/2025\/12\/cropped-BURAGALERIA-LOGO-PNG-1.png\",\"width\":224,\"height\":224,\"caption\":\"Bura Gal\u00e9ria\"},\"image\":{\"@id\":\"https:\/\/buragaleria.hu\/#\/schema\/logo\/image\/\"}},{\"@type\":\"Person\",\"@id\":\"https:\/\/buragaleria.hu\/#\/schema\/person\/b24f7abe62e333443d29e1034ad622e4\",\"name\":\"admin\",\"image\":{\"@type\":\"ImageObject\",\"inLanguage\":\"en-GB\",\"@id\":\"https:\/\/buragaleria.hu\/#\/schema\/person\/image\/\",\"url\":\"https:\/\/secure.gravatar.com\/avatar\/1f443802b8723f639adada6f89572f71c6382cd9b26f4535e7d716b8b33ad92d?s=96&d=mm&r=g\",\"contentUrl\":\"https:\/\/secure.gravatar.com\/avatar\/1f443802b8723f639adada6f89572f71c6382cd9b26f4535e7d716b8b33ad92d?s=96&d=mm&r=g\",\"caption\":\"admin\"},\"sameAs\":[\"https:\/\/buragaleria.hu\"],\"url\":\"https:\/\/buragaleria.hu\/en\/author\/admin\/\"}]}<\/script>\n<!-- \/ Yoast SEO Premium plugin. -->","yoast_head_json":{"title":"Te nem vagy olyan - Bura Gal\u00e9ria","description":"A Bura Gal\u00e9ri\u00e1ban ki\u00e1ll\u00edt\u00f3 n\u00e9gy fiatal roma n\u0151m\u0171v\u00e9sz munk\u00e1i egym\u00e1st eg\u00e9sz\u00edtik ki. A K\u00e9pz\u0151m\u0171v\u00e9szeti Egyetemet v\u00e9gzett Bal\u00e1zs Kitti...","robots":{"index":"index","follow":"follow","max-snippet":"max-snippet:-1","max-image-preview":"max-image-preview:large","max-video-preview":"max-video-preview:-1"},"canonical":"https:\/\/buragaleria.hu\/en\/te-nem-vagy-olyan-elet-es-irodalom\/","og_locale":"en_GB","og_type":"article","og_title":"Te nem vagy olyan","og_description":"A Bura Gal\u00e9ri\u00e1ban ki\u00e1ll\u00edt\u00f3 n\u00e9gy fiatal roma n\u0151m\u0171v\u00e9sz munk\u00e1i egym\u00e1st eg\u00e9sz\u00edtik ki. A K\u00e9pz\u0151m\u0171v\u00e9szeti Egyetemet v\u00e9gzett Bal\u00e1zs Kitti...","og_url":"https:\/\/buragaleria.hu\/en\/te-nem-vagy-olyan-elet-es-irodalom\/","og_site_name":"Bura Gal\u00e9ria","article_published_time":"2024-03-28T09:22:00+00:00","article_modified_time":"2026-01-26T17:24:59+00:00","og_image":[{"width":1417,"height":1063,"url":"https:\/\/buragaleria.hu\/wp-content\/uploads\/2024\/03\/24-1.3-tenemvagyolyan.jpg","type":"image\/jpeg"}],"author":"admin","twitter_card":"summary_large_image","twitter_misc":{"Written by":"admin","Estimated reading time":"1 minute"},"schema":{"@context":"https:\/\/schema.org","@graph":[{"@type":"Article","@id":"https:\/\/buragaleria.hu\/te-nem-vagy-olyan-elet-es-irodalom\/#article","isPartOf":{"@id":"https:\/\/buragaleria.hu\/te-nem-vagy-olyan-elet-es-irodalom\/"},"author":{"name":"admin","@id":"https:\/\/buragaleria.hu\/#\/schema\/person\/b24f7abe62e333443d29e1034ad622e4"},"headline":"Te nem vagy olyan","datePublished":"2024-03-28T09:22:00+00:00","dateModified":"2026-01-26T17:24:59+00:00","mainEntityOfPage":{"@id":"https:\/\/buragaleria.hu\/te-nem-vagy-olyan-elet-es-irodalom\/"},"wordCount":72,"publisher":{"@id":"https:\/\/buragaleria.hu\/#organization"},"image":{"@id":"https:\/\/buragaleria.hu\/te-nem-vagy-olyan-elet-es-irodalom\/#primaryimage"},"thumbnailUrl":"https:\/\/buragaleria.hu\/wp-content\/uploads\/2024\/03\/24-1.3-tenemvagyolyan.jpg","articleSection":["press"],"inLanguage":"en-GB"},{"@type":"WebPage","@id":"https:\/\/buragaleria.hu\/te-nem-vagy-olyan-elet-es-irodalom\/","url":"https:\/\/buragaleria.hu\/te-nem-vagy-olyan-elet-es-irodalom\/","name":"Te nem vagy olyan - Bura Gal\u00e9ria","isPartOf":{"@id":"https:\/\/buragaleria.hu\/#website"},"primaryImageOfPage":{"@id":"https:\/\/buragaleria.hu\/te-nem-vagy-olyan-elet-es-irodalom\/#primaryimage"},"image":{"@id":"https:\/\/buragaleria.hu\/te-nem-vagy-olyan-elet-es-irodalom\/#primaryimage"},"thumbnailUrl":"https:\/\/buragaleria.hu\/wp-content\/uploads\/2024\/03\/24-1.3-tenemvagyolyan.jpg","datePublished":"2024-03-28T09:22:00+00:00","dateModified":"2026-01-26T17:24:59+00:00","description":"A Bura Gal\u00e9ri\u00e1ban ki\u00e1ll\u00edt\u00f3 n\u00e9gy fiatal roma n\u0151m\u0171v\u00e9sz munk\u00e1i egym\u00e1st eg\u00e9sz\u00edtik ki. A K\u00e9pz\u0151m\u0171v\u00e9szeti Egyetemet v\u00e9gzett Bal\u00e1zs Kitti...","breadcrumb":{"@id":"https:\/\/buragaleria.hu\/te-nem-vagy-olyan-elet-es-irodalom\/#breadcrumb"},"inLanguage":"en-GB","potentialAction":[{"@type":"ReadAction","target":["https:\/\/buragaleria.hu\/te-nem-vagy-olyan-elet-es-irodalom\/"]}]},{"@type":"ImageObject","inLanguage":"en-GB","@id":"https:\/\/buragaleria.hu\/te-nem-vagy-olyan-elet-es-irodalom\/#primaryimage","url":"https:\/\/buragaleria.hu\/wp-content\/uploads\/2024\/03\/24-1.3-tenemvagyolyan.jpg","contentUrl":"https:\/\/buragaleria.hu\/wp-content\/uploads\/2024\/03\/24-1.3-tenemvagyolyan.jpg","width":1417,"height":1063},{"@type":"BreadcrumbList","@id":"https:\/\/buragaleria.hu\/te-nem-vagy-olyan-elet-es-irodalom\/#breadcrumb","itemListElement":[{"@type":"ListItem","position":1,"name":"Kezd\u0151lap","item":"https:\/\/buragaleria.hu\/"},{"@type":"ListItem","position":2,"name":"Te nem vagy olyan"}]},{"@type":"WebSite","@id":"https:\/\/buragaleria.hu\/#website","url":"https:\/\/buragaleria.hu\/","name":"Bura Gal\u00e9ria","description":"","publisher":{"@id":"https:\/\/buragaleria.hu\/#organization"},"potentialAction":[{"@type":"SearchAction","target":{"@type":"EntryPoint","urlTemplate":"https:\/\/buragaleria.hu\/?s={search_term_string}"},"query-input":{"@type":"PropertyValueSpecification","valueRequired":true,"valueName":"search_term_string"}}],"inLanguage":"en-GB"},{"@type":"Organization","@id":"https:\/\/buragaleria.hu\/#organization","name":"Bura Gal\u00e9ria","url":"https:\/\/buragaleria.hu\/","logo":{"@type":"ImageObject","inLanguage":"en-GB","@id":"https:\/\/buragaleria.hu\/#\/schema\/logo\/image\/","url":"https:\/\/buragaleria.hu\/wp-content\/uploads\/2025\/12\/cropped-BURAGALERIA-LOGO-PNG-1.png","contentUrl":"https:\/\/buragaleria.hu\/wp-content\/uploads\/2025\/12\/cropped-BURAGALERIA-LOGO-PNG-1.png","width":224,"height":224,"caption":"Bura Gal\u00e9ria"},"image":{"@id":"https:\/\/buragaleria.hu\/#\/schema\/logo\/image\/"}},{"@type":"Person","@id":"https:\/\/buragaleria.hu\/#\/schema\/person\/b24f7abe62e333443d29e1034ad622e4","name":"admin","image":{"@type":"ImageObject","inLanguage":"en-GB","@id":"https:\/\/buragaleria.hu\/#\/schema\/person\/image\/","url":"https:\/\/secure.gravatar.com\/avatar\/1f443802b8723f639adada6f89572f71c6382cd9b26f4535e7d716b8b33ad92d?s=96&d=mm&r=g","contentUrl":"https:\/\/secure.gravatar.com\/avatar\/1f443802b8723f639adada6f89572f71c6382cd9b26f4535e7d716b8b33ad92d?s=96&d=mm&r=g","caption":"admin"},"sameAs":["https:\/\/buragaleria.hu"],"url":"https:\/\/buragaleria.hu\/en\/author\/admin\/"}]}},"_links":{"self":[{"href":"https:\/\/buragaleria.hu\/en\/wp-json\/wp\/v2\/posts\/443","targetHints":{"allow":["GET"]}}],"collection":[{"href":"https:\/\/buragaleria.hu\/en\/wp-json\/wp\/v2\/posts"}],"about":[{"href":"https:\/\/buragaleria.hu\/en\/wp-json\/wp\/v2\/types\/post"}],"author":[{"embeddable":true,"href":"https:\/\/buragaleria.hu\/en\/wp-json\/wp\/v2\/users\/1"}],"replies":[{"embeddable":true,"href":"https:\/\/buragaleria.hu\/en\/wp-json\/wp\/v2\/comments?post=443"}],"version-history":[{"count":1,"href":"https:\/\/buragaleria.hu\/en\/wp-json\/wp\/v2\/posts\/443\/revisions"}],"predecessor-version":[{"id":444,"href":"https:\/\/buragaleria.hu\/en\/wp-json\/wp\/v2\/posts\/443\/revisions\/444"}],"wp:featuredmedia":[{"embeddable":true,"href":"https:\/\/buragaleria.hu\/en\/wp-json\/wp\/v2\/media\/983"}],"wp:attachment":[{"href":"https:\/\/buragaleria.hu\/en\/wp-json\/wp\/v2\/media?parent=443"}],"wp:term":[{"taxonomy":"category","embeddable":true,"href":"https:\/\/buragaleria.hu\/en\/wp-json\/wp\/v2\/categories?post=443"},{"taxonomy":"post_tag","embeddable":true,"href":"https:\/\/buragaleria.hu\/en\/wp-json\/wp\/v2\/tags?post=443"}],"curies":[{"name":"wp","href":"https:\/\/api.w.org\/{rel}","templated":true}]}}