{"id":445,"date":"2024-04-03T09:23:00","date_gmt":"2024-04-03T09:23:00","guid":{"rendered":"https:\/\/buragaleria.hu\/?p=445"},"modified":"2026-01-26T17:24:06","modified_gmt":"2026-01-26T17:24:06","slug":"te-nem-tunsz-szegenynek-te-nem-is-vagy-cigany","status":"publish","type":"post","link":"https:\/\/buragaleria.hu\/en\/te-nem-tunsz-szegenynek-te-nem-is-vagy-cigany\/","title":{"rendered":"\u201eTe nem t\u0171nsz szeg\u00e9nynek, te nem is vagy cig\u00e1ny!\u201d &#8211; N\u0151i roma m\u0171v\u00e9szek alkot\u00e1sait ismerheted meg a Bura Gal\u00e9ri\u00e1ban"},"content":{"rendered":"<p style=\"font-weight: 400;\">A Bura Gal\u00e9ria roma m\u0171v\u00e9szek alkot\u00e1sait bemutat\u00f3 \u00faj ki\u00e1ll\u00edt\u00e1s\u00e1nak megnyit\u00f3j\u00e1t hatalmas \u00e9rdekl\u0151d\u00e9s \u00f6vezte, t\u00f6bb sz\u00e1z ember v\u00e1rt arra az este sor\u00e1n, hogy bejusson a progressz\u00edv roma gal\u00e9riak\u00e9nt identifik\u00e1l\u00f3d\u00f3 nyolcadik ker\u00fcleti ki\u00e1ll\u00edt\u00f3t\u00e9rbe.<\/p>\n<div><\/div>\n<div><\/div>\n<div><\/div>\n<div><\/div>","protected":false},"excerpt":{"rendered":"<p>A Bura Gal\u00e9ria roma m\u0171v\u00e9szek alkot\u00e1sait bemutat\u00f3 \u00faj ki\u00e1ll\u00edt\u00e1s\u00e1nak megnyit\u00f3j\u00e1t hatalmas \u00e9rdekl\u0151d\u00e9s \u00f6vezte, t\u00f6bb sz\u00e1z ember v\u00e1rt arra az este sor\u00e1n, hogy bejusson a progressz\u00edv roma gal\u00e9riak\u00e9nt identifik\u00e1l\u00f3d\u00f3 nyolcadik ker\u00fcleti ki\u00e1ll\u00edt\u00f3t\u00e9rbe.<\/p>\n<p><a href=\"https:\/\/buragaleria.hu\/en\/te-nem-tunsz-szegenynek-te-nem-is-vagy-cigany\/\" class=\"more\">see more<\/a><\/p>","protected":false},"author":1,"featured_media":994,"comment_status":"closed","ping_status":"closed","sticky":false,"template":"","format":"standard","meta":{"_acf_changed":false,"footnotes":""},"categories":[3],"tags":[],"class_list":["post-445","post","type-post","status-publish","format-standard","has-post-thumbnail","hentry","category-press"],"acf":[],"yoast_head":"<!-- This site is optimized with the Yoast SEO Premium plugin v26.2 (Yoast SEO v26.5) - https:\/\/yoast.com\/wordpress\/plugins\/seo\/ -->\n<title>Te nem t\u0171nsz szeg\u00e9nynek, te nem is vagy cig\u00e1ny - Bura Gal\u00e9ria<\/title>\n<meta name=\"description\" content=\"A Bura Gal\u00e9ria roma m\u0171v\u00e9szek alkot\u00e1sait bemutat\u00f3 \u00faj ki\u00e1ll\u00edt\u00e1s\u00e1nak megnyit\u00f3j\u00e1t hatalmas \u00e9rdekl\u0151d\u00e9s \u00f6vezte ,t\u00f6bb sz\u00e1z ember...\" \/>\n<meta name=\"robots\" content=\"index, follow, max-snippet:-1, max-image-preview:large, max-video-preview:-1\" \/>\n<link rel=\"canonical\" href=\"https:\/\/buragaleria.hu\/en\/te-nem-tunsz-szegenynek-te-nem-is-vagy-cigany\/\" \/>\n<meta property=\"og:locale\" content=\"en_GB\" \/>\n<meta property=\"og:type\" content=\"article\" \/>\n<meta property=\"og:title\" content=\"\u201eTe nem t\u0171nsz szeg\u00e9nynek, te nem is vagy cig\u00e1ny!\u201d - N\u0151i roma m\u0171v\u00e9szek alkot\u00e1sait ismerheted meg a Bura Gal\u00e9ri\u00e1ban\" \/>\n<meta property=\"og:description\" content=\"A Bura Gal\u00e9ria roma m\u0171v\u00e9szek alkot\u00e1sait bemutat\u00f3 \u00faj ki\u00e1ll\u00edt\u00e1s\u00e1nak megnyit\u00f3j\u00e1t hatalmas \u00e9rdekl\u0151d\u00e9s \u00f6vezte ,t\u00f6bb sz\u00e1z ember...\" \/>\n<meta property=\"og:url\" content=\"https:\/\/buragaleria.hu\/en\/te-nem-tunsz-szegenynek-te-nem-is-vagy-cigany\/\" \/>\n<meta property=\"og:site_name\" content=\"Bura Gal\u00e9ria\" \/>\n<meta property=\"article:published_time\" content=\"2024-04-03T09:23:00+00:00\" \/>\n<meta property=\"article:modified_time\" content=\"2026-01-26T17:24:06+00:00\" \/>\n<meta property=\"og:image\" content=\"https:\/\/buragaleria.hu\/wp-content\/uploads\/2024\/04\/24-1.4-tenemvagyolyan.jpg\" \/>\n\t<meta property=\"og:image:width\" content=\"1417\" \/>\n\t<meta property=\"og:image:height\" content=\"1063\" \/>\n\t<meta property=\"og:image:type\" content=\"image\/jpeg\" \/>\n<meta name=\"author\" content=\"admin\" \/>\n<meta name=\"twitter:card\" content=\"summary_large_image\" \/>\n<meta name=\"twitter:label1\" content=\"Written by\" \/>\n\t<meta name=\"twitter:data1\" content=\"admin\" \/>\n\t<meta name=\"twitter:label2\" content=\"Estimated reading time\" \/>\n\t<meta name=\"twitter:data2\" content=\"1 minute\" \/>\n<script type=\"application\/ld+json\" class=\"yoast-schema-graph\">{\"@context\":\"https:\/\/schema.org\",\"@graph\":[{\"@type\":\"Article\",\"@id\":\"https:\/\/buragaleria.hu\/te-nem-tunsz-szegenynek-te-nem-is-vagy-cigany\/#article\",\"isPartOf\":{\"@id\":\"https:\/\/buragaleria.hu\/te-nem-tunsz-szegenynek-te-nem-is-vagy-cigany\/\"},\"author\":{\"name\":\"admin\",\"@id\":\"https:\/\/buragaleria.hu\/#\/schema\/person\/b24f7abe62e333443d29e1034ad622e4\"},\"headline\":\"\u201eTe nem t\u0171nsz szeg\u00e9nynek, te nem is vagy cig\u00e1ny!\u201d &#8211; N\u0151i roma m\u0171v\u00e9szek alkot\u00e1sait ismerheted meg a Bura Gal\u00e9ri\u00e1ban\",\"datePublished\":\"2024-04-03T09:23:00+00:00\",\"dateModified\":\"2026-01-26T17:24:06+00:00\",\"mainEntityOfPage\":{\"@id\":\"https:\/\/buragaleria.hu\/te-nem-tunsz-szegenynek-te-nem-is-vagy-cigany\/\"},\"wordCount\":85,\"publisher\":{\"@id\":\"https:\/\/buragaleria.hu\/#organization\"},\"image\":{\"@id\":\"https:\/\/buragaleria.hu\/te-nem-tunsz-szegenynek-te-nem-is-vagy-cigany\/#primaryimage\"},\"thumbnailUrl\":\"https:\/\/buragaleria.hu\/wp-content\/uploads\/2024\/04\/24-1.4-tenemvagyolyan.jpg\",\"articleSection\":[\"press\"],\"inLanguage\":\"en-GB\"},{\"@type\":\"WebPage\",\"@id\":\"https:\/\/buragaleria.hu\/te-nem-tunsz-szegenynek-te-nem-is-vagy-cigany\/\",\"url\":\"https:\/\/buragaleria.hu\/te-nem-tunsz-szegenynek-te-nem-is-vagy-cigany\/\",\"name\":\"Te nem t\u0171nsz szeg\u00e9nynek, te nem is vagy cig\u00e1ny - Bura Gal\u00e9ria\",\"isPartOf\":{\"@id\":\"https:\/\/buragaleria.hu\/#website\"},\"primaryImageOfPage\":{\"@id\":\"https:\/\/buragaleria.hu\/te-nem-tunsz-szegenynek-te-nem-is-vagy-cigany\/#primaryimage\"},\"image\":{\"@id\":\"https:\/\/buragaleria.hu\/te-nem-tunsz-szegenynek-te-nem-is-vagy-cigany\/#primaryimage\"},\"thumbnailUrl\":\"https:\/\/buragaleria.hu\/wp-content\/uploads\/2024\/04\/24-1.4-tenemvagyolyan.jpg\",\"datePublished\":\"2024-04-03T09:23:00+00:00\",\"dateModified\":\"2026-01-26T17:24:06+00:00\",\"description\":\"A Bura Gal\u00e9ria roma m\u0171v\u00e9szek alkot\u00e1sait bemutat\u00f3 \u00faj ki\u00e1ll\u00edt\u00e1s\u00e1nak megnyit\u00f3j\u00e1t hatalmas \u00e9rdekl\u0151d\u00e9s \u00f6vezte ,t\u00f6bb sz\u00e1z ember...\",\"breadcrumb\":{\"@id\":\"https:\/\/buragaleria.hu\/te-nem-tunsz-szegenynek-te-nem-is-vagy-cigany\/#breadcrumb\"},\"inLanguage\":\"en-GB\",\"potentialAction\":[{\"@type\":\"ReadAction\",\"target\":[\"https:\/\/buragaleria.hu\/te-nem-tunsz-szegenynek-te-nem-is-vagy-cigany\/\"]}]},{\"@type\":\"ImageObject\",\"inLanguage\":\"en-GB\",\"@id\":\"https:\/\/buragaleria.hu\/te-nem-tunsz-szegenynek-te-nem-is-vagy-cigany\/#primaryimage\",\"url\":\"https:\/\/buragaleria.hu\/wp-content\/uploads\/2024\/04\/24-1.4-tenemvagyolyan.jpg\",\"contentUrl\":\"https:\/\/buragaleria.hu\/wp-content\/uploads\/2024\/04\/24-1.4-tenemvagyolyan.jpg\",\"width\":1417,\"height\":1063},{\"@type\":\"BreadcrumbList\",\"@id\":\"https:\/\/buragaleria.hu\/te-nem-tunsz-szegenynek-te-nem-is-vagy-cigany\/#breadcrumb\",\"itemListElement\":[{\"@type\":\"ListItem\",\"position\":1,\"name\":\"Kezd\u0151lap\",\"item\":\"https:\/\/buragaleria.hu\/\"},{\"@type\":\"ListItem\",\"position\":2,\"name\":\"\u201eTe nem t\u0171nsz szeg\u00e9nynek, te nem is vagy cig\u00e1ny!\u201d &#8211; N\u0151i roma m\u0171v\u00e9szek alkot\u00e1sait ismerheted meg a Bura Gal\u00e9ri\u00e1ban\"}]},{\"@type\":\"WebSite\",\"@id\":\"https:\/\/buragaleria.hu\/#website\",\"url\":\"https:\/\/buragaleria.hu\/\",\"name\":\"Bura Gal\u00e9ria\",\"description\":\"\",\"publisher\":{\"@id\":\"https:\/\/buragaleria.hu\/#organization\"},\"potentialAction\":[{\"@type\":\"SearchAction\",\"target\":{\"@type\":\"EntryPoint\",\"urlTemplate\":\"https:\/\/buragaleria.hu\/?s={search_term_string}\"},\"query-input\":{\"@type\":\"PropertyValueSpecification\",\"valueRequired\":true,\"valueName\":\"search_term_string\"}}],\"inLanguage\":\"en-GB\"},{\"@type\":\"Organization\",\"@id\":\"https:\/\/buragaleria.hu\/#organization\",\"name\":\"Bura Gal\u00e9ria\",\"url\":\"https:\/\/buragaleria.hu\/\",\"logo\":{\"@type\":\"ImageObject\",\"inLanguage\":\"en-GB\",\"@id\":\"https:\/\/buragaleria.hu\/#\/schema\/logo\/image\/\",\"url\":\"https:\/\/buragaleria.hu\/wp-content\/uploads\/2025\/12\/cropped-BURAGALERIA-LOGO-PNG-1.png\",\"contentUrl\":\"https:\/\/buragaleria.hu\/wp-content\/uploads\/2025\/12\/cropped-BURAGALERIA-LOGO-PNG-1.png\",\"width\":224,\"height\":224,\"caption\":\"Bura Gal\u00e9ria\"},\"image\":{\"@id\":\"https:\/\/buragaleria.hu\/#\/schema\/logo\/image\/\"}},{\"@type\":\"Person\",\"@id\":\"https:\/\/buragaleria.hu\/#\/schema\/person\/b24f7abe62e333443d29e1034ad622e4\",\"name\":\"admin\",\"image\":{\"@type\":\"ImageObject\",\"inLanguage\":\"en-GB\",\"@id\":\"https:\/\/buragaleria.hu\/#\/schema\/person\/image\/\",\"url\":\"https:\/\/secure.gravatar.com\/avatar\/1f443802b8723f639adada6f89572f71c6382cd9b26f4535e7d716b8b33ad92d?s=96&d=mm&r=g\",\"contentUrl\":\"https:\/\/secure.gravatar.com\/avatar\/1f443802b8723f639adada6f89572f71c6382cd9b26f4535e7d716b8b33ad92d?s=96&d=mm&r=g\",\"caption\":\"admin\"},\"sameAs\":[\"https:\/\/buragaleria.hu\"],\"url\":\"https:\/\/buragaleria.hu\/en\/author\/admin\/\"}]}<\/script>\n<!-- \/ Yoast SEO Premium plugin. -->","yoast_head_json":{"title":"Te nem t\u0171nsz szeg\u00e9nynek, te nem is vagy cig\u00e1ny - Bura Gal\u00e9ria","description":"A Bura Gal\u00e9ria roma m\u0171v\u00e9szek alkot\u00e1sait bemutat\u00f3 \u00faj ki\u00e1ll\u00edt\u00e1s\u00e1nak megnyit\u00f3j\u00e1t hatalmas \u00e9rdekl\u0151d\u00e9s \u00f6vezte ,t\u00f6bb sz\u00e1z ember...","robots":{"index":"index","follow":"follow","max-snippet":"max-snippet:-1","max-image-preview":"max-image-preview:large","max-video-preview":"max-video-preview:-1"},"canonical":"https:\/\/buragaleria.hu\/en\/te-nem-tunsz-szegenynek-te-nem-is-vagy-cigany\/","og_locale":"en_GB","og_type":"article","og_title":"\u201eTe nem t\u0171nsz szeg\u00e9nynek, te nem is vagy cig\u00e1ny!\u201d - N\u0151i roma m\u0171v\u00e9szek alkot\u00e1sait ismerheted meg a Bura Gal\u00e9ri\u00e1ban","og_description":"A Bura Gal\u00e9ria roma m\u0171v\u00e9szek alkot\u00e1sait bemutat\u00f3 \u00faj ki\u00e1ll\u00edt\u00e1s\u00e1nak megnyit\u00f3j\u00e1t hatalmas \u00e9rdekl\u0151d\u00e9s \u00f6vezte ,t\u00f6bb sz\u00e1z ember...","og_url":"https:\/\/buragaleria.hu\/en\/te-nem-tunsz-szegenynek-te-nem-is-vagy-cigany\/","og_site_name":"Bura Gal\u00e9ria","article_published_time":"2024-04-03T09:23:00+00:00","article_modified_time":"2026-01-26T17:24:06+00:00","og_image":[{"width":1417,"height":1063,"url":"https:\/\/buragaleria.hu\/wp-content\/uploads\/2024\/04\/24-1.4-tenemvagyolyan.jpg","type":"image\/jpeg"}],"author":"admin","twitter_card":"summary_large_image","twitter_misc":{"Written by":"admin","Estimated reading time":"1 minute"},"schema":{"@context":"https:\/\/schema.org","@graph":[{"@type":"Article","@id":"https:\/\/buragaleria.hu\/te-nem-tunsz-szegenynek-te-nem-is-vagy-cigany\/#article","isPartOf":{"@id":"https:\/\/buragaleria.hu\/te-nem-tunsz-szegenynek-te-nem-is-vagy-cigany\/"},"author":{"name":"admin","@id":"https:\/\/buragaleria.hu\/#\/schema\/person\/b24f7abe62e333443d29e1034ad622e4"},"headline":"\u201eTe nem t\u0171nsz szeg\u00e9nynek, te nem is vagy cig\u00e1ny!\u201d &#8211; N\u0151i roma m\u0171v\u00e9szek alkot\u00e1sait ismerheted meg a Bura Gal\u00e9ri\u00e1ban","datePublished":"2024-04-03T09:23:00+00:00","dateModified":"2026-01-26T17:24:06+00:00","mainEntityOfPage":{"@id":"https:\/\/buragaleria.hu\/te-nem-tunsz-szegenynek-te-nem-is-vagy-cigany\/"},"wordCount":85,"publisher":{"@id":"https:\/\/buragaleria.hu\/#organization"},"image":{"@id":"https:\/\/buragaleria.hu\/te-nem-tunsz-szegenynek-te-nem-is-vagy-cigany\/#primaryimage"},"thumbnailUrl":"https:\/\/buragaleria.hu\/wp-content\/uploads\/2024\/04\/24-1.4-tenemvagyolyan.jpg","articleSection":["press"],"inLanguage":"en-GB"},{"@type":"WebPage","@id":"https:\/\/buragaleria.hu\/te-nem-tunsz-szegenynek-te-nem-is-vagy-cigany\/","url":"https:\/\/buragaleria.hu\/te-nem-tunsz-szegenynek-te-nem-is-vagy-cigany\/","name":"Te nem t\u0171nsz szeg\u00e9nynek, te nem is vagy cig\u00e1ny - Bura Gal\u00e9ria","isPartOf":{"@id":"https:\/\/buragaleria.hu\/#website"},"primaryImageOfPage":{"@id":"https:\/\/buragaleria.hu\/te-nem-tunsz-szegenynek-te-nem-is-vagy-cigany\/#primaryimage"},"image":{"@id":"https:\/\/buragaleria.hu\/te-nem-tunsz-szegenynek-te-nem-is-vagy-cigany\/#primaryimage"},"thumbnailUrl":"https:\/\/buragaleria.hu\/wp-content\/uploads\/2024\/04\/24-1.4-tenemvagyolyan.jpg","datePublished":"2024-04-03T09:23:00+00:00","dateModified":"2026-01-26T17:24:06+00:00","description":"A Bura Gal\u00e9ria roma m\u0171v\u00e9szek alkot\u00e1sait bemutat\u00f3 \u00faj ki\u00e1ll\u00edt\u00e1s\u00e1nak megnyit\u00f3j\u00e1t hatalmas \u00e9rdekl\u0151d\u00e9s \u00f6vezte ,t\u00f6bb sz\u00e1z ember...","breadcrumb":{"@id":"https:\/\/buragaleria.hu\/te-nem-tunsz-szegenynek-te-nem-is-vagy-cigany\/#breadcrumb"},"inLanguage":"en-GB","potentialAction":[{"@type":"ReadAction","target":["https:\/\/buragaleria.hu\/te-nem-tunsz-szegenynek-te-nem-is-vagy-cigany\/"]}]},{"@type":"ImageObject","inLanguage":"en-GB","@id":"https:\/\/buragaleria.hu\/te-nem-tunsz-szegenynek-te-nem-is-vagy-cigany\/#primaryimage","url":"https:\/\/buragaleria.hu\/wp-content\/uploads\/2024\/04\/24-1.4-tenemvagyolyan.jpg","contentUrl":"https:\/\/buragaleria.hu\/wp-content\/uploads\/2024\/04\/24-1.4-tenemvagyolyan.jpg","width":1417,"height":1063},{"@type":"BreadcrumbList","@id":"https:\/\/buragaleria.hu\/te-nem-tunsz-szegenynek-te-nem-is-vagy-cigany\/#breadcrumb","itemListElement":[{"@type":"ListItem","position":1,"name":"Kezd\u0151lap","item":"https:\/\/buragaleria.hu\/"},{"@type":"ListItem","position":2,"name":"\u201eTe nem t\u0171nsz szeg\u00e9nynek, te nem is vagy cig\u00e1ny!\u201d &#8211; N\u0151i roma m\u0171v\u00e9szek alkot\u00e1sait ismerheted meg a Bura Gal\u00e9ri\u00e1ban"}]},{"@type":"WebSite","@id":"https:\/\/buragaleria.hu\/#website","url":"https:\/\/buragaleria.hu\/","name":"Bura Gal\u00e9ria","description":"","publisher":{"@id":"https:\/\/buragaleria.hu\/#organization"},"potentialAction":[{"@type":"SearchAction","target":{"@type":"EntryPoint","urlTemplate":"https:\/\/buragaleria.hu\/?s={search_term_string}"},"query-input":{"@type":"PropertyValueSpecification","valueRequired":true,"valueName":"search_term_string"}}],"inLanguage":"en-GB"},{"@type":"Organization","@id":"https:\/\/buragaleria.hu\/#organization","name":"Bura Gal\u00e9ria","url":"https:\/\/buragaleria.hu\/","logo":{"@type":"ImageObject","inLanguage":"en-GB","@id":"https:\/\/buragaleria.hu\/#\/schema\/logo\/image\/","url":"https:\/\/buragaleria.hu\/wp-content\/uploads\/2025\/12\/cropped-BURAGALERIA-LOGO-PNG-1.png","contentUrl":"https:\/\/buragaleria.hu\/wp-content\/uploads\/2025\/12\/cropped-BURAGALERIA-LOGO-PNG-1.png","width":224,"height":224,"caption":"Bura Gal\u00e9ria"},"image":{"@id":"https:\/\/buragaleria.hu\/#\/schema\/logo\/image\/"}},{"@type":"Person","@id":"https:\/\/buragaleria.hu\/#\/schema\/person\/b24f7abe62e333443d29e1034ad622e4","name":"admin","image":{"@type":"ImageObject","inLanguage":"en-GB","@id":"https:\/\/buragaleria.hu\/#\/schema\/person\/image\/","url":"https:\/\/secure.gravatar.com\/avatar\/1f443802b8723f639adada6f89572f71c6382cd9b26f4535e7d716b8b33ad92d?s=96&d=mm&r=g","contentUrl":"https:\/\/secure.gravatar.com\/avatar\/1f443802b8723f639adada6f89572f71c6382cd9b26f4535e7d716b8b33ad92d?s=96&d=mm&r=g","caption":"admin"},"sameAs":["https:\/\/buragaleria.hu"],"url":"https:\/\/buragaleria.hu\/en\/author\/admin\/"}]}},"_links":{"self":[{"href":"https:\/\/buragaleria.hu\/en\/wp-json\/wp\/v2\/posts\/445","targetHints":{"allow":["GET"]}}],"collection":[{"href":"https:\/\/buragaleria.hu\/en\/wp-json\/wp\/v2\/posts"}],"about":[{"href":"https:\/\/buragaleria.hu\/en\/wp-json\/wp\/v2\/types\/post"}],"author":[{"embeddable":true,"href":"https:\/\/buragaleria.hu\/en\/wp-json\/wp\/v2\/users\/1"}],"replies":[{"embeddable":true,"href":"https:\/\/buragaleria.hu\/en\/wp-json\/wp\/v2\/comments?post=445"}],"version-history":[{"count":1,"href":"https:\/\/buragaleria.hu\/en\/wp-json\/wp\/v2\/posts\/445\/revisions"}],"predecessor-version":[{"id":446,"href":"https:\/\/buragaleria.hu\/en\/wp-json\/wp\/v2\/posts\/445\/revisions\/446"}],"wp:featuredmedia":[{"embeddable":true,"href":"https:\/\/buragaleria.hu\/en\/wp-json\/wp\/v2\/media\/994"}],"wp:attachment":[{"href":"https:\/\/buragaleria.hu\/en\/wp-json\/wp\/v2\/media?parent=445"}],"wp:term":[{"taxonomy":"category","embeddable":true,"href":"https:\/\/buragaleria.hu\/en\/wp-json\/wp\/v2\/categories?post=445"},{"taxonomy":"post_tag","embeddable":true,"href":"https:\/\/buragaleria.hu\/en\/wp-json\/wp\/v2\/tags?post=445"}],"curies":[{"name":"wp","href":"https:\/\/api.w.org\/{rel}","templated":true}]}}