{"id":447,"date":"2024-03-24T09:34:00","date_gmt":"2024-03-24T09:34:00","guid":{"rendered":"https:\/\/buragaleria.hu\/?p=447"},"modified":"2026-01-26T17:08:40","modified_gmt":"2026-01-26T17:08:40","slug":"te-nem-vagy-olyan-tilos-radio","status":"publish","type":"post","link":"https:\/\/buragaleria.hu\/en\/te-nem-vagy-olyan-tilos-radio\/","title":{"rendered":"\u201cTe nem vagy olyan\u201d roma n\u0151 alkot\u00f3k m\u0171v\u00e9szeti ki\u00e1ll\u00edt\u00e1sa"},"content":{"rendered":"<p style=\"font-weight: 400;\"><span style=\"font-weight: 400;\">Bal\u00e1zs Kitti, Galyas Dener\u00e1k D\u00f3ra, Horv\u00e1th Anita, Tak\u00e1cs Zs\u00f3fia\u00a0<\/span><span style=\"font-weight: 400;\">\u2028<\/span><span style=\"font-weight: 400;\">A Te nem olyan vagy c\u00edm\u0171 ki\u00e1ll\u00edt\u00e1s alkot\u00f3i \u00e9s Oltai Kata a t\u00e1rlat kur\u00e1tora a vend\u00e9gek!<\/span><\/p>\n<div><\/div>\n<div><\/div>\n<div><\/div>\n<div><\/div>","protected":false},"excerpt":{"rendered":"<p>Bal\u00e1zs Kitti, Galyas Dener\u00e1k D\u00f3ra, Horv\u00e1th Anita, Tak\u00e1cs Zs\u00f3fia\u00a0\u2028A Te nem olyan vagy c\u00edm\u0171 ki\u00e1ll\u00edt\u00e1s alkot\u00f3i \u00e9s Oltai Kata a t\u00e1rlat kur\u00e1tora a vend\u00e9gek!<\/p>\n<p><a href=\"https:\/\/buragaleria.hu\/en\/te-nem-vagy-olyan-tilos-radio\/\" class=\"more\">see more<\/a><\/p>","protected":false},"author":1,"featured_media":984,"comment_status":"closed","ping_status":"closed","sticky":false,"template":"","format":"standard","meta":{"_acf_changed":false,"footnotes":""},"categories":[3],"tags":[],"class_list":["post-447","post","type-post","status-publish","format-standard","has-post-thumbnail","hentry","category-press"],"acf":[],"yoast_head":"<!-- This site is optimized with the Yoast SEO Premium plugin v26.2 (Yoast SEO v26.5) - https:\/\/yoast.com\/wordpress\/plugins\/seo\/ -->\n<title>Te nem vagy olyan Tilos r\u00e1di\u00f3 - Bura Gal\u00e9ria<\/title>\n<meta name=\"description\" content=\"Bal\u00e1zs Kitti, Galyas Dener\u00e1k D\u00f3ra, Horv\u00e1th Anita, Tak\u00e1cs Zs\u00f3fia \u2028A Te nem olyan vagy c\u00edm\u0171 ki\u00e1ll\u00edt\u00e1s alkot\u00f3i...\" \/>\n<meta name=\"robots\" content=\"index, follow, max-snippet:-1, max-image-preview:large, max-video-preview:-1\" \/>\n<link rel=\"canonical\" href=\"https:\/\/buragaleria.hu\/en\/te-nem-vagy-olyan-tilos-radio\/\" \/>\n<meta property=\"og:locale\" content=\"en_GB\" \/>\n<meta property=\"og:type\" content=\"article\" \/>\n<meta property=\"og:title\" content=\"\u201cTe nem vagy olyan\u201d roma n\u0151 alkot\u00f3k m\u0171v\u00e9szeti ki\u00e1ll\u00edt\u00e1sa\" \/>\n<meta property=\"og:description\" content=\"Bal\u00e1zs Kitti, Galyas Dener\u00e1k D\u00f3ra, Horv\u00e1th Anita, Tak\u00e1cs Zs\u00f3fia \u2028A Te nem olyan vagy c\u00edm\u0171 ki\u00e1ll\u00edt\u00e1s alkot\u00f3i...\" \/>\n<meta property=\"og:url\" content=\"https:\/\/buragaleria.hu\/en\/te-nem-vagy-olyan-tilos-radio\/\" \/>\n<meta property=\"og:site_name\" content=\"Bura Gal\u00e9ria\" \/>\n<meta property=\"article:published_time\" content=\"2024-03-24T09:34:00+00:00\" \/>\n<meta property=\"article:modified_time\" content=\"2026-01-26T17:08:40+00:00\" \/>\n<meta property=\"og:image\" content=\"https:\/\/buragaleria.hu\/wp-content\/uploads\/2024\/03\/24-1.5-tenemvagyolyan.jpg\" \/>\n\t<meta property=\"og:image:width\" content=\"1417\" \/>\n\t<meta property=\"og:image:height\" content=\"1063\" \/>\n\t<meta property=\"og:image:type\" content=\"image\/jpeg\" \/>\n<meta name=\"author\" content=\"admin\" \/>\n<meta name=\"twitter:card\" content=\"summary_large_image\" \/>\n<meta name=\"twitter:label1\" content=\"Written by\" \/>\n\t<meta name=\"twitter:data1\" content=\"admin\" \/>\n\t<meta name=\"twitter:label2\" content=\"Estimated reading time\" \/>\n\t<meta name=\"twitter:data2\" content=\"1 minute\" \/>\n<script type=\"application\/ld+json\" class=\"yoast-schema-graph\">{\"@context\":\"https:\/\/schema.org\",\"@graph\":[{\"@type\":\"Article\",\"@id\":\"https:\/\/buragaleria.hu\/te-nem-vagy-olyan-tilos-radio\/#article\",\"isPartOf\":{\"@id\":\"https:\/\/buragaleria.hu\/te-nem-vagy-olyan-tilos-radio\/\"},\"author\":{\"name\":\"admin\",\"@id\":\"https:\/\/buragaleria.hu\/#\/schema\/person\/b24f7abe62e333443d29e1034ad622e4\"},\"headline\":\"\u201cTe nem vagy olyan\u201d roma n\u0151 alkot\u00f3k m\u0171v\u00e9szeti ki\u00e1ll\u00edt\u00e1sa\",\"datePublished\":\"2024-03-24T09:34:00+00:00\",\"dateModified\":\"2026-01-26T17:08:40+00:00\",\"mainEntityOfPage\":{\"@id\":\"https:\/\/buragaleria.hu\/te-nem-vagy-olyan-tilos-radio\/\"},\"wordCount\":54,\"publisher\":{\"@id\":\"https:\/\/buragaleria.hu\/#organization\"},\"image\":{\"@id\":\"https:\/\/buragaleria.hu\/te-nem-vagy-olyan-tilos-radio\/#primaryimage\"},\"thumbnailUrl\":\"https:\/\/buragaleria.hu\/wp-content\/uploads\/2024\/03\/24-1.5-tenemvagyolyan.jpg\",\"articleSection\":[\"press\"],\"inLanguage\":\"en-GB\"},{\"@type\":\"WebPage\",\"@id\":\"https:\/\/buragaleria.hu\/te-nem-vagy-olyan-tilos-radio\/\",\"url\":\"https:\/\/buragaleria.hu\/te-nem-vagy-olyan-tilos-radio\/\",\"name\":\"Te nem vagy olyan Tilos r\u00e1di\u00f3 - Bura Gal\u00e9ria\",\"isPartOf\":{\"@id\":\"https:\/\/buragaleria.hu\/#website\"},\"primaryImageOfPage\":{\"@id\":\"https:\/\/buragaleria.hu\/te-nem-vagy-olyan-tilos-radio\/#primaryimage\"},\"image\":{\"@id\":\"https:\/\/buragaleria.hu\/te-nem-vagy-olyan-tilos-radio\/#primaryimage\"},\"thumbnailUrl\":\"https:\/\/buragaleria.hu\/wp-content\/uploads\/2024\/03\/24-1.5-tenemvagyolyan.jpg\",\"datePublished\":\"2024-03-24T09:34:00+00:00\",\"dateModified\":\"2026-01-26T17:08:40+00:00\",\"description\":\"Bal\u00e1zs Kitti, Galyas Dener\u00e1k D\u00f3ra, Horv\u00e1th Anita, Tak\u00e1cs Zs\u00f3fia \\u2028A Te nem olyan vagy c\u00edm\u0171 ki\u00e1ll\u00edt\u00e1s alkot\u00f3i...\",\"breadcrumb\":{\"@id\":\"https:\/\/buragaleria.hu\/te-nem-vagy-olyan-tilos-radio\/#breadcrumb\"},\"inLanguage\":\"en-GB\",\"potentialAction\":[{\"@type\":\"ReadAction\",\"target\":[\"https:\/\/buragaleria.hu\/te-nem-vagy-olyan-tilos-radio\/\"]}]},{\"@type\":\"ImageObject\",\"inLanguage\":\"en-GB\",\"@id\":\"https:\/\/buragaleria.hu\/te-nem-vagy-olyan-tilos-radio\/#primaryimage\",\"url\":\"https:\/\/buragaleria.hu\/wp-content\/uploads\/2024\/03\/24-1.5-tenemvagyolyan.jpg\",\"contentUrl\":\"https:\/\/buragaleria.hu\/wp-content\/uploads\/2024\/03\/24-1.5-tenemvagyolyan.jpg\",\"width\":1417,\"height\":1063},{\"@type\":\"BreadcrumbList\",\"@id\":\"https:\/\/buragaleria.hu\/te-nem-vagy-olyan-tilos-radio\/#breadcrumb\",\"itemListElement\":[{\"@type\":\"ListItem\",\"position\":1,\"name\":\"Kezd\u0151lap\",\"item\":\"https:\/\/buragaleria.hu\/\"},{\"@type\":\"ListItem\",\"position\":2,\"name\":\"\u201cTe nem vagy olyan\u201d roma n\u0151 alkot\u00f3k m\u0171v\u00e9szeti ki\u00e1ll\u00edt\u00e1sa\"}]},{\"@type\":\"WebSite\",\"@id\":\"https:\/\/buragaleria.hu\/#website\",\"url\":\"https:\/\/buragaleria.hu\/\",\"name\":\"Bura Gal\u00e9ria\",\"description\":\"\",\"publisher\":{\"@id\":\"https:\/\/buragaleria.hu\/#organization\"},\"potentialAction\":[{\"@type\":\"SearchAction\",\"target\":{\"@type\":\"EntryPoint\",\"urlTemplate\":\"https:\/\/buragaleria.hu\/?s={search_term_string}\"},\"query-input\":{\"@type\":\"PropertyValueSpecification\",\"valueRequired\":true,\"valueName\":\"search_term_string\"}}],\"inLanguage\":\"en-GB\"},{\"@type\":\"Organization\",\"@id\":\"https:\/\/buragaleria.hu\/#organization\",\"name\":\"Bura Gal\u00e9ria\",\"url\":\"https:\/\/buragaleria.hu\/\",\"logo\":{\"@type\":\"ImageObject\",\"inLanguage\":\"en-GB\",\"@id\":\"https:\/\/buragaleria.hu\/#\/schema\/logo\/image\/\",\"url\":\"https:\/\/buragaleria.hu\/wp-content\/uploads\/2025\/12\/cropped-BURAGALERIA-LOGO-PNG-1.png\",\"contentUrl\":\"https:\/\/buragaleria.hu\/wp-content\/uploads\/2025\/12\/cropped-BURAGALERIA-LOGO-PNG-1.png\",\"width\":224,\"height\":224,\"caption\":\"Bura Gal\u00e9ria\"},\"image\":{\"@id\":\"https:\/\/buragaleria.hu\/#\/schema\/logo\/image\/\"}},{\"@type\":\"Person\",\"@id\":\"https:\/\/buragaleria.hu\/#\/schema\/person\/b24f7abe62e333443d29e1034ad622e4\",\"name\":\"admin\",\"image\":{\"@type\":\"ImageObject\",\"inLanguage\":\"en-GB\",\"@id\":\"https:\/\/buragaleria.hu\/#\/schema\/person\/image\/\",\"url\":\"https:\/\/secure.gravatar.com\/avatar\/1f443802b8723f639adada6f89572f71c6382cd9b26f4535e7d716b8b33ad92d?s=96&d=mm&r=g\",\"contentUrl\":\"https:\/\/secure.gravatar.com\/avatar\/1f443802b8723f639adada6f89572f71c6382cd9b26f4535e7d716b8b33ad92d?s=96&d=mm&r=g\",\"caption\":\"admin\"},\"sameAs\":[\"https:\/\/buragaleria.hu\"],\"url\":\"https:\/\/buragaleria.hu\/en\/author\/admin\/\"}]}<\/script>\n<!-- \/ Yoast SEO Premium plugin. -->","yoast_head_json":{"title":"Te nem vagy olyan Tilos r\u00e1di\u00f3 - Bura Gal\u00e9ria","description":"Bal\u00e1zs Kitti, Galyas Dener\u00e1k D\u00f3ra, Horv\u00e1th Anita, Tak\u00e1cs Zs\u00f3fia \u2028A Te nem olyan vagy c\u00edm\u0171 ki\u00e1ll\u00edt\u00e1s alkot\u00f3i...","robots":{"index":"index","follow":"follow","max-snippet":"max-snippet:-1","max-image-preview":"max-image-preview:large","max-video-preview":"max-video-preview:-1"},"canonical":"https:\/\/buragaleria.hu\/en\/te-nem-vagy-olyan-tilos-radio\/","og_locale":"en_GB","og_type":"article","og_title":"\u201cTe nem vagy olyan\u201d roma n\u0151 alkot\u00f3k m\u0171v\u00e9szeti ki\u00e1ll\u00edt\u00e1sa","og_description":"Bal\u00e1zs Kitti, Galyas Dener\u00e1k D\u00f3ra, Horv\u00e1th Anita, Tak\u00e1cs Zs\u00f3fia \u2028A Te nem olyan vagy c\u00edm\u0171 ki\u00e1ll\u00edt\u00e1s alkot\u00f3i...","og_url":"https:\/\/buragaleria.hu\/en\/te-nem-vagy-olyan-tilos-radio\/","og_site_name":"Bura Gal\u00e9ria","article_published_time":"2024-03-24T09:34:00+00:00","article_modified_time":"2026-01-26T17:08:40+00:00","og_image":[{"width":1417,"height":1063,"url":"https:\/\/buragaleria.hu\/wp-content\/uploads\/2024\/03\/24-1.5-tenemvagyolyan.jpg","type":"image\/jpeg"}],"author":"admin","twitter_card":"summary_large_image","twitter_misc":{"Written by":"admin","Estimated reading time":"1 minute"},"schema":{"@context":"https:\/\/schema.org","@graph":[{"@type":"Article","@id":"https:\/\/buragaleria.hu\/te-nem-vagy-olyan-tilos-radio\/#article","isPartOf":{"@id":"https:\/\/buragaleria.hu\/te-nem-vagy-olyan-tilos-radio\/"},"author":{"name":"admin","@id":"https:\/\/buragaleria.hu\/#\/schema\/person\/b24f7abe62e333443d29e1034ad622e4"},"headline":"\u201cTe nem vagy olyan\u201d roma n\u0151 alkot\u00f3k m\u0171v\u00e9szeti ki\u00e1ll\u00edt\u00e1sa","datePublished":"2024-03-24T09:34:00+00:00","dateModified":"2026-01-26T17:08:40+00:00","mainEntityOfPage":{"@id":"https:\/\/buragaleria.hu\/te-nem-vagy-olyan-tilos-radio\/"},"wordCount":54,"publisher":{"@id":"https:\/\/buragaleria.hu\/#organization"},"image":{"@id":"https:\/\/buragaleria.hu\/te-nem-vagy-olyan-tilos-radio\/#primaryimage"},"thumbnailUrl":"https:\/\/buragaleria.hu\/wp-content\/uploads\/2024\/03\/24-1.5-tenemvagyolyan.jpg","articleSection":["press"],"inLanguage":"en-GB"},{"@type":"WebPage","@id":"https:\/\/buragaleria.hu\/te-nem-vagy-olyan-tilos-radio\/","url":"https:\/\/buragaleria.hu\/te-nem-vagy-olyan-tilos-radio\/","name":"Te nem vagy olyan Tilos r\u00e1di\u00f3 - Bura Gal\u00e9ria","isPartOf":{"@id":"https:\/\/buragaleria.hu\/#website"},"primaryImageOfPage":{"@id":"https:\/\/buragaleria.hu\/te-nem-vagy-olyan-tilos-radio\/#primaryimage"},"image":{"@id":"https:\/\/buragaleria.hu\/te-nem-vagy-olyan-tilos-radio\/#primaryimage"},"thumbnailUrl":"https:\/\/buragaleria.hu\/wp-content\/uploads\/2024\/03\/24-1.5-tenemvagyolyan.jpg","datePublished":"2024-03-24T09:34:00+00:00","dateModified":"2026-01-26T17:08:40+00:00","description":"Bal\u00e1zs Kitti, Galyas Dener\u00e1k D\u00f3ra, Horv\u00e1th Anita, Tak\u00e1cs Zs\u00f3fia \u2028A Te nem olyan vagy c\u00edm\u0171 ki\u00e1ll\u00edt\u00e1s alkot\u00f3i...","breadcrumb":{"@id":"https:\/\/buragaleria.hu\/te-nem-vagy-olyan-tilos-radio\/#breadcrumb"},"inLanguage":"en-GB","potentialAction":[{"@type":"ReadAction","target":["https:\/\/buragaleria.hu\/te-nem-vagy-olyan-tilos-radio\/"]}]},{"@type":"ImageObject","inLanguage":"en-GB","@id":"https:\/\/buragaleria.hu\/te-nem-vagy-olyan-tilos-radio\/#primaryimage","url":"https:\/\/buragaleria.hu\/wp-content\/uploads\/2024\/03\/24-1.5-tenemvagyolyan.jpg","contentUrl":"https:\/\/buragaleria.hu\/wp-content\/uploads\/2024\/03\/24-1.5-tenemvagyolyan.jpg","width":1417,"height":1063},{"@type":"BreadcrumbList","@id":"https:\/\/buragaleria.hu\/te-nem-vagy-olyan-tilos-radio\/#breadcrumb","itemListElement":[{"@type":"ListItem","position":1,"name":"Kezd\u0151lap","item":"https:\/\/buragaleria.hu\/"},{"@type":"ListItem","position":2,"name":"\u201cTe nem vagy olyan\u201d roma n\u0151 alkot\u00f3k m\u0171v\u00e9szeti ki\u00e1ll\u00edt\u00e1sa"}]},{"@type":"WebSite","@id":"https:\/\/buragaleria.hu\/#website","url":"https:\/\/buragaleria.hu\/","name":"Bura Gal\u00e9ria","description":"","publisher":{"@id":"https:\/\/buragaleria.hu\/#organization"},"potentialAction":[{"@type":"SearchAction","target":{"@type":"EntryPoint","urlTemplate":"https:\/\/buragaleria.hu\/?s={search_term_string}"},"query-input":{"@type":"PropertyValueSpecification","valueRequired":true,"valueName":"search_term_string"}}],"inLanguage":"en-GB"},{"@type":"Organization","@id":"https:\/\/buragaleria.hu\/#organization","name":"Bura Gal\u00e9ria","url":"https:\/\/buragaleria.hu\/","logo":{"@type":"ImageObject","inLanguage":"en-GB","@id":"https:\/\/buragaleria.hu\/#\/schema\/logo\/image\/","url":"https:\/\/buragaleria.hu\/wp-content\/uploads\/2025\/12\/cropped-BURAGALERIA-LOGO-PNG-1.png","contentUrl":"https:\/\/buragaleria.hu\/wp-content\/uploads\/2025\/12\/cropped-BURAGALERIA-LOGO-PNG-1.png","width":224,"height":224,"caption":"Bura Gal\u00e9ria"},"image":{"@id":"https:\/\/buragaleria.hu\/#\/schema\/logo\/image\/"}},{"@type":"Person","@id":"https:\/\/buragaleria.hu\/#\/schema\/person\/b24f7abe62e333443d29e1034ad622e4","name":"admin","image":{"@type":"ImageObject","inLanguage":"en-GB","@id":"https:\/\/buragaleria.hu\/#\/schema\/person\/image\/","url":"https:\/\/secure.gravatar.com\/avatar\/1f443802b8723f639adada6f89572f71c6382cd9b26f4535e7d716b8b33ad92d?s=96&d=mm&r=g","contentUrl":"https:\/\/secure.gravatar.com\/avatar\/1f443802b8723f639adada6f89572f71c6382cd9b26f4535e7d716b8b33ad92d?s=96&d=mm&r=g","caption":"admin"},"sameAs":["https:\/\/buragaleria.hu"],"url":"https:\/\/buragaleria.hu\/en\/author\/admin\/"}]}},"_links":{"self":[{"href":"https:\/\/buragaleria.hu\/en\/wp-json\/wp\/v2\/posts\/447","targetHints":{"allow":["GET"]}}],"collection":[{"href":"https:\/\/buragaleria.hu\/en\/wp-json\/wp\/v2\/posts"}],"about":[{"href":"https:\/\/buragaleria.hu\/en\/wp-json\/wp\/v2\/types\/post"}],"author":[{"embeddable":true,"href":"https:\/\/buragaleria.hu\/en\/wp-json\/wp\/v2\/users\/1"}],"replies":[{"embeddable":true,"href":"https:\/\/buragaleria.hu\/en\/wp-json\/wp\/v2\/comments?post=447"}],"version-history":[{"count":1,"href":"https:\/\/buragaleria.hu\/en\/wp-json\/wp\/v2\/posts\/447\/revisions"}],"predecessor-version":[{"id":448,"href":"https:\/\/buragaleria.hu\/en\/wp-json\/wp\/v2\/posts\/447\/revisions\/448"}],"wp:featuredmedia":[{"embeddable":true,"href":"https:\/\/buragaleria.hu\/en\/wp-json\/wp\/v2\/media\/984"}],"wp:attachment":[{"href":"https:\/\/buragaleria.hu\/en\/wp-json\/wp\/v2\/media?parent=447"}],"wp:term":[{"taxonomy":"category","embeddable":true,"href":"https:\/\/buragaleria.hu\/en\/wp-json\/wp\/v2\/categories?post=447"},{"taxonomy":"post_tag","embeddable":true,"href":"https:\/\/buragaleria.hu\/en\/wp-json\/wp\/v2\/tags?post=447"}],"curies":[{"name":"wp","href":"https:\/\/api.w.org\/{rel}","templated":true}]}}