{"id":451,"date":"2024-06-18T09:46:00","date_gmt":"2024-06-18T09:46:00","guid":{"rendered":"https:\/\/buragaleria.hu\/?p=451"},"modified":"2026-01-26T17:20:11","modified_gmt":"2026-01-26T17:20:11","slug":"uj-progressziv-roma-muveszet-a-bura-galeriaban","status":"publish","type":"post","link":"https:\/\/buragaleria.hu\/en\/uj-progressziv-roma-muveszet-a-bura-galeriaban\/","title":{"rendered":"\u00daj, progressz\u00edv roma m\u0171v\u00e9szet a Bura Gal\u00e9ri\u00e1ban"},"content":{"rendered":"<p><span style=\"font-weight: 400;\">A Budapest VIII. ker\u00fclet\u00e9ben m\u0171k\u00f6d\u0151 Bura Gal\u00e9ria, mely teret ny\u00fajt annak a progressz\u00edv roma m\u0171v\u00e9szetnek, amely a m\u0171v\u00e9szet legk\u00fcl\u00f6nb\u00f6z\u0151bb eszk\u00f6zeit felhaszn\u00e1lva boncolgatja a t\u00e1rsadalmi probl\u00e9m\u00e1kat. A gal\u00e9ria vezet\u0151j\u00e9vel, Ol\u00e1h Norberttel a hi\u00e1nyp\u00f3tl\u00f3 ki\u00e1ll\u00edt\u00f3t\u00e9r v\u00edzi\u00f3ir\u00f3l, a roma k\u00e9pz\u0151m\u0171v\u00e9szek j\u00f6v\u0151j\u00e9r\u0151l, a h\u00e1tr\u00e1nyos megk\u00fcl\u00f6nb\u00f6ztet\u00e9sr\u0151l \u00e9s jelenlegi ki\u00e1ll\u00edt\u00e1sukr\u00f3l besz\u00e9lgett\u00fcnk.<\/span><\/p>\n\n\n<p><\/p>","protected":false},"excerpt":{"rendered":"<p>A Budapest VIII. ker\u00fclet\u00e9ben m\u0171k\u00f6d\u0151 Bura Gal\u00e9ria, mely teret ny\u00fajt annak a progressz\u00edv roma m\u0171v\u00e9szetnek, amely a m\u0171v\u00e9szet legk\u00fcl\u00f6nb\u00f6z\u0151bb eszk\u00f6zeit felhaszn\u00e1lva boncolgatja a t\u00e1rsadalmi probl\u00e9m\u00e1kat. A gal\u00e9ria vezet\u0151j\u00e9vel, Ol\u00e1h Norberttel a hi\u00e1nyp\u00f3tl\u00f3 ki\u00e1ll\u00edt\u00f3t\u00e9r v\u00edzi\u00f3ir\u00f3l, a roma k\u00e9pz\u0151m\u0171v\u00e9szek j\u00f6v\u0151j\u00e9r\u0151l, a h\u00e1tr\u00e1nyos megk\u00fcl\u00f6nb\u00f6ztet\u00e9sr\u0151l \u00e9s jelenlegi ki\u00e1ll\u00edt\u00e1sukr\u00f3l besz\u00e9lgett\u00fcnk.<\/p>\n<p><a href=\"https:\/\/buragaleria.hu\/en\/uj-progressziv-roma-muveszet-a-bura-galeriaban\/\" class=\"more\">see more<\/a><\/p>","protected":false},"author":1,"featured_media":990,"comment_status":"closed","ping_status":"closed","sticky":false,"template":"","format":"standard","meta":{"_acf_changed":false,"footnotes":""},"categories":[3],"tags":[],"class_list":["post-451","post","type-post","status-publish","format-standard","has-post-thumbnail","hentry","category-press"],"acf":[],"yoast_head":"<!-- This site is optimized with the Yoast SEO Premium plugin v26.2 (Yoast SEO v26.5) - https:\/\/yoast.com\/wordpress\/plugins\/seo\/ -->\n<title>\u00daj, progressz\u00edv roma m\u0171v\u00e9szet a Bura Gal\u00e9ri\u00e1ban - Bura Gal\u00e9ria<\/title>\n<meta name=\"description\" content=\"A Budapest VIII. ker\u00fclet\u00e9ben m\u0171k\u00f6d\u0151 Bura Gal\u00e9ria, mely teret ny\u00fajt annak a progressz\u00edv roma m\u0171v\u00e9szetnek, amely a m\u0171v\u00e9szet legk\u00fcl\u00f6nb\u00f6z\u0151bb...\" \/>\n<meta name=\"robots\" content=\"index, follow, max-snippet:-1, max-image-preview:large, max-video-preview:-1\" \/>\n<link rel=\"canonical\" href=\"https:\/\/buragaleria.hu\/en\/uj-progressziv-roma-muveszet-a-bura-galeriaban\/\" \/>\n<meta property=\"og:locale\" content=\"en_GB\" \/>\n<meta property=\"og:type\" content=\"article\" \/>\n<meta property=\"og:title\" content=\"\u00daj, progressz\u00edv roma m\u0171v\u00e9szet a Bura Gal\u00e9ri\u00e1ban\" \/>\n<meta property=\"og:description\" content=\"A Budapest VIII. ker\u00fclet\u00e9ben m\u0171k\u00f6d\u0151 Bura Gal\u00e9ria, mely teret ny\u00fajt annak a progressz\u00edv roma m\u0171v\u00e9szetnek, amely a m\u0171v\u00e9szet legk\u00fcl\u00f6nb\u00f6z\u0151bb...\" \/>\n<meta property=\"og:url\" content=\"https:\/\/buragaleria.hu\/en\/uj-progressziv-roma-muveszet-a-bura-galeriaban\/\" \/>\n<meta property=\"og:site_name\" content=\"Bura Gal\u00e9ria\" \/>\n<meta property=\"article:published_time\" content=\"2024-06-18T09:46:00+00:00\" \/>\n<meta property=\"article:modified_time\" content=\"2026-01-26T17:20:11+00:00\" \/>\n<meta property=\"og:image\" content=\"https:\/\/buragaleria.hu\/wp-content\/uploads\/2024\/06\/24-2.1-ciganybunozok.jpg\" \/>\n\t<meta property=\"og:image:width\" content=\"1417\" \/>\n\t<meta property=\"og:image:height\" content=\"1063\" \/>\n\t<meta property=\"og:image:type\" content=\"image\/jpeg\" \/>\n<meta name=\"author\" content=\"admin\" \/>\n<meta name=\"twitter:card\" content=\"summary_large_image\" \/>\n<meta name=\"twitter:label1\" content=\"Written by\" \/>\n\t<meta name=\"twitter:data1\" content=\"admin\" \/>\n\t<meta name=\"twitter:label2\" content=\"Estimated reading time\" \/>\n\t<meta name=\"twitter:data2\" content=\"1 minute\" \/>\n<script type=\"application\/ld+json\" class=\"yoast-schema-graph\">{\"@context\":\"https:\/\/schema.org\",\"@graph\":[{\"@type\":\"Article\",\"@id\":\"https:\/\/buragaleria.hu\/uj-progressziv-roma-muveszet-a-bura-galeriaban\/#article\",\"isPartOf\":{\"@id\":\"https:\/\/buragaleria.hu\/uj-progressziv-roma-muveszet-a-bura-galeriaban\/\"},\"author\":{\"name\":\"admin\",\"@id\":\"https:\/\/buragaleria.hu\/#\/schema\/person\/b24f7abe62e333443d29e1034ad622e4\"},\"headline\":\"\u00daj, progressz\u00edv roma m\u0171v\u00e9szet a Bura Gal\u00e9ri\u00e1ban\",\"datePublished\":\"2024-06-18T09:46:00+00:00\",\"dateModified\":\"2026-01-26T17:20:11+00:00\",\"mainEntityOfPage\":{\"@id\":\"https:\/\/buragaleria.hu\/uj-progressziv-roma-muveszet-a-bura-galeriaban\/\"},\"wordCount\":111,\"publisher\":{\"@id\":\"https:\/\/buragaleria.hu\/#organization\"},\"image\":{\"@id\":\"https:\/\/buragaleria.hu\/uj-progressziv-roma-muveszet-a-bura-galeriaban\/#primaryimage\"},\"thumbnailUrl\":\"https:\/\/buragaleria.hu\/wp-content\/uploads\/2024\/06\/24-2.1-ciganybunozok.jpg\",\"articleSection\":[\"press\"],\"inLanguage\":\"en-GB\"},{\"@type\":\"WebPage\",\"@id\":\"https:\/\/buragaleria.hu\/uj-progressziv-roma-muveszet-a-bura-galeriaban\/\",\"url\":\"https:\/\/buragaleria.hu\/uj-progressziv-roma-muveszet-a-bura-galeriaban\/\",\"name\":\"\u00daj, progressz\u00edv roma m\u0171v\u00e9szet a Bura Gal\u00e9ri\u00e1ban - Bura Gal\u00e9ria\",\"isPartOf\":{\"@id\":\"https:\/\/buragaleria.hu\/#website\"},\"primaryImageOfPage\":{\"@id\":\"https:\/\/buragaleria.hu\/uj-progressziv-roma-muveszet-a-bura-galeriaban\/#primaryimage\"},\"image\":{\"@id\":\"https:\/\/buragaleria.hu\/uj-progressziv-roma-muveszet-a-bura-galeriaban\/#primaryimage\"},\"thumbnailUrl\":\"https:\/\/buragaleria.hu\/wp-content\/uploads\/2024\/06\/24-2.1-ciganybunozok.jpg\",\"datePublished\":\"2024-06-18T09:46:00+00:00\",\"dateModified\":\"2026-01-26T17:20:11+00:00\",\"description\":\"A Budapest VIII. ker\u00fclet\u00e9ben m\u0171k\u00f6d\u0151 Bura Gal\u00e9ria, mely teret ny\u00fajt annak a progressz\u00edv roma m\u0171v\u00e9szetnek, amely a m\u0171v\u00e9szet legk\u00fcl\u00f6nb\u00f6z\u0151bb...\",\"breadcrumb\":{\"@id\":\"https:\/\/buragaleria.hu\/uj-progressziv-roma-muveszet-a-bura-galeriaban\/#breadcrumb\"},\"inLanguage\":\"en-GB\",\"potentialAction\":[{\"@type\":\"ReadAction\",\"target\":[\"https:\/\/buragaleria.hu\/uj-progressziv-roma-muveszet-a-bura-galeriaban\/\"]}]},{\"@type\":\"ImageObject\",\"inLanguage\":\"en-GB\",\"@id\":\"https:\/\/buragaleria.hu\/uj-progressziv-roma-muveszet-a-bura-galeriaban\/#primaryimage\",\"url\":\"https:\/\/buragaleria.hu\/wp-content\/uploads\/2024\/06\/24-2.1-ciganybunozok.jpg\",\"contentUrl\":\"https:\/\/buragaleria.hu\/wp-content\/uploads\/2024\/06\/24-2.1-ciganybunozok.jpg\",\"width\":1417,\"height\":1063},{\"@type\":\"BreadcrumbList\",\"@id\":\"https:\/\/buragaleria.hu\/uj-progressziv-roma-muveszet-a-bura-galeriaban\/#breadcrumb\",\"itemListElement\":[{\"@type\":\"ListItem\",\"position\":1,\"name\":\"Kezd\u0151lap\",\"item\":\"https:\/\/buragaleria.hu\/\"},{\"@type\":\"ListItem\",\"position\":2,\"name\":\"\u00daj, progressz\u00edv roma m\u0171v\u00e9szet a Bura Gal\u00e9ri\u00e1ban\"}]},{\"@type\":\"WebSite\",\"@id\":\"https:\/\/buragaleria.hu\/#website\",\"url\":\"https:\/\/buragaleria.hu\/\",\"name\":\"Bura Gal\u00e9ria\",\"description\":\"\",\"publisher\":{\"@id\":\"https:\/\/buragaleria.hu\/#organization\"},\"potentialAction\":[{\"@type\":\"SearchAction\",\"target\":{\"@type\":\"EntryPoint\",\"urlTemplate\":\"https:\/\/buragaleria.hu\/?s={search_term_string}\"},\"query-input\":{\"@type\":\"PropertyValueSpecification\",\"valueRequired\":true,\"valueName\":\"search_term_string\"}}],\"inLanguage\":\"en-GB\"},{\"@type\":\"Organization\",\"@id\":\"https:\/\/buragaleria.hu\/#organization\",\"name\":\"Bura Gal\u00e9ria\",\"url\":\"https:\/\/buragaleria.hu\/\",\"logo\":{\"@type\":\"ImageObject\",\"inLanguage\":\"en-GB\",\"@id\":\"https:\/\/buragaleria.hu\/#\/schema\/logo\/image\/\",\"url\":\"https:\/\/buragaleria.hu\/wp-content\/uploads\/2025\/12\/cropped-BURAGALERIA-LOGO-PNG-1.png\",\"contentUrl\":\"https:\/\/buragaleria.hu\/wp-content\/uploads\/2025\/12\/cropped-BURAGALERIA-LOGO-PNG-1.png\",\"width\":224,\"height\":224,\"caption\":\"Bura Gal\u00e9ria\"},\"image\":{\"@id\":\"https:\/\/buragaleria.hu\/#\/schema\/logo\/image\/\"}},{\"@type\":\"Person\",\"@id\":\"https:\/\/buragaleria.hu\/#\/schema\/person\/b24f7abe62e333443d29e1034ad622e4\",\"name\":\"admin\",\"image\":{\"@type\":\"ImageObject\",\"inLanguage\":\"en-GB\",\"@id\":\"https:\/\/buragaleria.hu\/#\/schema\/person\/image\/\",\"url\":\"https:\/\/secure.gravatar.com\/avatar\/1f443802b8723f639adada6f89572f71c6382cd9b26f4535e7d716b8b33ad92d?s=96&d=mm&r=g\",\"contentUrl\":\"https:\/\/secure.gravatar.com\/avatar\/1f443802b8723f639adada6f89572f71c6382cd9b26f4535e7d716b8b33ad92d?s=96&d=mm&r=g\",\"caption\":\"admin\"},\"sameAs\":[\"https:\/\/buragaleria.hu\"],\"url\":\"https:\/\/buragaleria.hu\/en\/author\/admin\/\"}]}<\/script>\n<!-- \/ Yoast SEO Premium plugin. -->","yoast_head_json":{"title":"\u00daj, progressz\u00edv roma m\u0171v\u00e9szet a Bura Gal\u00e9ri\u00e1ban - Bura Gal\u00e9ria","description":"A Budapest VIII. ker\u00fclet\u00e9ben m\u0171k\u00f6d\u0151 Bura Gal\u00e9ria, mely teret ny\u00fajt annak a progressz\u00edv roma m\u0171v\u00e9szetnek, amely a m\u0171v\u00e9szet legk\u00fcl\u00f6nb\u00f6z\u0151bb...","robots":{"index":"index","follow":"follow","max-snippet":"max-snippet:-1","max-image-preview":"max-image-preview:large","max-video-preview":"max-video-preview:-1"},"canonical":"https:\/\/buragaleria.hu\/en\/uj-progressziv-roma-muveszet-a-bura-galeriaban\/","og_locale":"en_GB","og_type":"article","og_title":"\u00daj, progressz\u00edv roma m\u0171v\u00e9szet a Bura Gal\u00e9ri\u00e1ban","og_description":"A Budapest VIII. ker\u00fclet\u00e9ben m\u0171k\u00f6d\u0151 Bura Gal\u00e9ria, mely teret ny\u00fajt annak a progressz\u00edv roma m\u0171v\u00e9szetnek, amely a m\u0171v\u00e9szet legk\u00fcl\u00f6nb\u00f6z\u0151bb...","og_url":"https:\/\/buragaleria.hu\/en\/uj-progressziv-roma-muveszet-a-bura-galeriaban\/","og_site_name":"Bura Gal\u00e9ria","article_published_time":"2024-06-18T09:46:00+00:00","article_modified_time":"2026-01-26T17:20:11+00:00","og_image":[{"width":1417,"height":1063,"url":"https:\/\/buragaleria.hu\/wp-content\/uploads\/2024\/06\/24-2.1-ciganybunozok.jpg","type":"image\/jpeg"}],"author":"admin","twitter_card":"summary_large_image","twitter_misc":{"Written by":"admin","Estimated reading time":"1 minute"},"schema":{"@context":"https:\/\/schema.org","@graph":[{"@type":"Article","@id":"https:\/\/buragaleria.hu\/uj-progressziv-roma-muveszet-a-bura-galeriaban\/#article","isPartOf":{"@id":"https:\/\/buragaleria.hu\/uj-progressziv-roma-muveszet-a-bura-galeriaban\/"},"author":{"name":"admin","@id":"https:\/\/buragaleria.hu\/#\/schema\/person\/b24f7abe62e333443d29e1034ad622e4"},"headline":"\u00daj, progressz\u00edv roma m\u0171v\u00e9szet a Bura Gal\u00e9ri\u00e1ban","datePublished":"2024-06-18T09:46:00+00:00","dateModified":"2026-01-26T17:20:11+00:00","mainEntityOfPage":{"@id":"https:\/\/buragaleria.hu\/uj-progressziv-roma-muveszet-a-bura-galeriaban\/"},"wordCount":111,"publisher":{"@id":"https:\/\/buragaleria.hu\/#organization"},"image":{"@id":"https:\/\/buragaleria.hu\/uj-progressziv-roma-muveszet-a-bura-galeriaban\/#primaryimage"},"thumbnailUrl":"https:\/\/buragaleria.hu\/wp-content\/uploads\/2024\/06\/24-2.1-ciganybunozok.jpg","articleSection":["press"],"inLanguage":"en-GB"},{"@type":"WebPage","@id":"https:\/\/buragaleria.hu\/uj-progressziv-roma-muveszet-a-bura-galeriaban\/","url":"https:\/\/buragaleria.hu\/uj-progressziv-roma-muveszet-a-bura-galeriaban\/","name":"\u00daj, progressz\u00edv roma m\u0171v\u00e9szet a Bura Gal\u00e9ri\u00e1ban - Bura Gal\u00e9ria","isPartOf":{"@id":"https:\/\/buragaleria.hu\/#website"},"primaryImageOfPage":{"@id":"https:\/\/buragaleria.hu\/uj-progressziv-roma-muveszet-a-bura-galeriaban\/#primaryimage"},"image":{"@id":"https:\/\/buragaleria.hu\/uj-progressziv-roma-muveszet-a-bura-galeriaban\/#primaryimage"},"thumbnailUrl":"https:\/\/buragaleria.hu\/wp-content\/uploads\/2024\/06\/24-2.1-ciganybunozok.jpg","datePublished":"2024-06-18T09:46:00+00:00","dateModified":"2026-01-26T17:20:11+00:00","description":"A Budapest VIII. ker\u00fclet\u00e9ben m\u0171k\u00f6d\u0151 Bura Gal\u00e9ria, mely teret ny\u00fajt annak a progressz\u00edv roma m\u0171v\u00e9szetnek, amely a m\u0171v\u00e9szet legk\u00fcl\u00f6nb\u00f6z\u0151bb...","breadcrumb":{"@id":"https:\/\/buragaleria.hu\/uj-progressziv-roma-muveszet-a-bura-galeriaban\/#breadcrumb"},"inLanguage":"en-GB","potentialAction":[{"@type":"ReadAction","target":["https:\/\/buragaleria.hu\/uj-progressziv-roma-muveszet-a-bura-galeriaban\/"]}]},{"@type":"ImageObject","inLanguage":"en-GB","@id":"https:\/\/buragaleria.hu\/uj-progressziv-roma-muveszet-a-bura-galeriaban\/#primaryimage","url":"https:\/\/buragaleria.hu\/wp-content\/uploads\/2024\/06\/24-2.1-ciganybunozok.jpg","contentUrl":"https:\/\/buragaleria.hu\/wp-content\/uploads\/2024\/06\/24-2.1-ciganybunozok.jpg","width":1417,"height":1063},{"@type":"BreadcrumbList","@id":"https:\/\/buragaleria.hu\/uj-progressziv-roma-muveszet-a-bura-galeriaban\/#breadcrumb","itemListElement":[{"@type":"ListItem","position":1,"name":"Kezd\u0151lap","item":"https:\/\/buragaleria.hu\/"},{"@type":"ListItem","position":2,"name":"\u00daj, progressz\u00edv roma m\u0171v\u00e9szet a Bura Gal\u00e9ri\u00e1ban"}]},{"@type":"WebSite","@id":"https:\/\/buragaleria.hu\/#website","url":"https:\/\/buragaleria.hu\/","name":"Bura Gal\u00e9ria","description":"","publisher":{"@id":"https:\/\/buragaleria.hu\/#organization"},"potentialAction":[{"@type":"SearchAction","target":{"@type":"EntryPoint","urlTemplate":"https:\/\/buragaleria.hu\/?s={search_term_string}"},"query-input":{"@type":"PropertyValueSpecification","valueRequired":true,"valueName":"search_term_string"}}],"inLanguage":"en-GB"},{"@type":"Organization","@id":"https:\/\/buragaleria.hu\/#organization","name":"Bura Gal\u00e9ria","url":"https:\/\/buragaleria.hu\/","logo":{"@type":"ImageObject","inLanguage":"en-GB","@id":"https:\/\/buragaleria.hu\/#\/schema\/logo\/image\/","url":"https:\/\/buragaleria.hu\/wp-content\/uploads\/2025\/12\/cropped-BURAGALERIA-LOGO-PNG-1.png","contentUrl":"https:\/\/buragaleria.hu\/wp-content\/uploads\/2025\/12\/cropped-BURAGALERIA-LOGO-PNG-1.png","width":224,"height":224,"caption":"Bura Gal\u00e9ria"},"image":{"@id":"https:\/\/buragaleria.hu\/#\/schema\/logo\/image\/"}},{"@type":"Person","@id":"https:\/\/buragaleria.hu\/#\/schema\/person\/b24f7abe62e333443d29e1034ad622e4","name":"admin","image":{"@type":"ImageObject","inLanguage":"en-GB","@id":"https:\/\/buragaleria.hu\/#\/schema\/person\/image\/","url":"https:\/\/secure.gravatar.com\/avatar\/1f443802b8723f639adada6f89572f71c6382cd9b26f4535e7d716b8b33ad92d?s=96&d=mm&r=g","contentUrl":"https:\/\/secure.gravatar.com\/avatar\/1f443802b8723f639adada6f89572f71c6382cd9b26f4535e7d716b8b33ad92d?s=96&d=mm&r=g","caption":"admin"},"sameAs":["https:\/\/buragaleria.hu"],"url":"https:\/\/buragaleria.hu\/en\/author\/admin\/"}]}},"_links":{"self":[{"href":"https:\/\/buragaleria.hu\/en\/wp-json\/wp\/v2\/posts\/451","targetHints":{"allow":["GET"]}}],"collection":[{"href":"https:\/\/buragaleria.hu\/en\/wp-json\/wp\/v2\/posts"}],"about":[{"href":"https:\/\/buragaleria.hu\/en\/wp-json\/wp\/v2\/types\/post"}],"author":[{"embeddable":true,"href":"https:\/\/buragaleria.hu\/en\/wp-json\/wp\/v2\/users\/1"}],"replies":[{"embeddable":true,"href":"https:\/\/buragaleria.hu\/en\/wp-json\/wp\/v2\/comments?post=451"}],"version-history":[{"count":1,"href":"https:\/\/buragaleria.hu\/en\/wp-json\/wp\/v2\/posts\/451\/revisions"}],"predecessor-version":[{"id":452,"href":"https:\/\/buragaleria.hu\/en\/wp-json\/wp\/v2\/posts\/451\/revisions\/452"}],"wp:featuredmedia":[{"embeddable":true,"href":"https:\/\/buragaleria.hu\/en\/wp-json\/wp\/v2\/media\/990"}],"wp:attachment":[{"href":"https:\/\/buragaleria.hu\/en\/wp-json\/wp\/v2\/media?parent=451"}],"wp:term":[{"taxonomy":"category","embeddable":true,"href":"https:\/\/buragaleria.hu\/en\/wp-json\/wp\/v2\/categories?post=451"},{"taxonomy":"post_tag","embeddable":true,"href":"https:\/\/buragaleria.hu\/en\/wp-json\/wp\/v2\/tags?post=451"}],"curies":[{"name":"wp","href":"https:\/\/api.w.org\/{rel}","templated":true}]}}