{"id":469,"date":"2024-09-29T10:18:00","date_gmt":"2024-09-29T10:18:00","guid":{"rendered":"https:\/\/buragaleria.hu\/?p=469"},"modified":"2025-12-12T10:21:43","modified_gmt":"2025-12-12T10:21:43","slug":"megnyilt-bizsu-es-a-forradalom-dilinko-gabor-roma-szarmazasu-festomuvesz-vilaga-a-bura-galeriaban-hirnavigator","status":"publish","type":"post","link":"https:\/\/buragaleria.hu\/en\/megnyilt-bizsu-es-a-forradalom-dilinko-gabor-roma-szarmazasu-festomuvesz-vilaga-a-bura-galeriaban-hirnavigator\/","title":{"rendered":"Megny\u00edlt! BIZSU \u00c9S A FORRADALOM \u2013 Dilink\u00f3 G\u00e1bor roma sz\u00e1rmaz\u00e1s\u00fa fest\u0151m\u0171v\u00e9sz vil\u00e1ga a Bura Gal\u00e9ri\u00e1ban &#8211; H\u00edrnavig\u00e1tor"},"content":{"rendered":"<p><span style=\"font-weight: 400;\">Dilink\u00f3 G\u00e1bor hal\u00e1l\u00e1nak 10. \u00e9vfordul\u00f3ja alkalm\u00e1b\u00f3l Dilink\u00f3 G\u00e1bor, a rendszerv\u00e1lt\u00e1skori roma \u00e9rtelmis\u00e9g meghat\u00e1roz\u00f3 alakj\u00e1nak m\u0171vei mellett Szolnoki Csanya Zsolt, Ol\u00e1h Norbert \u00e9s Farkas Clara kort\u00e1rs m\u0171v\u00e9szek install\u00e1ci\u00f3i \u00e9s Dilink\u00f3 G\u00e1bor relikvi\u00e1k l\u00e1that\u00f3k.. Kur\u00e1tor: Ol\u00e1h Norbert, Farkas Clara<\/span><\/p>\n\n\n<p><\/p>","protected":false},"excerpt":{"rendered":"<p>Dilink\u00f3 G\u00e1bor hal\u00e1l\u00e1nak 10. \u00e9vfordul\u00f3ja alkalm\u00e1b\u00f3l Dilink\u00f3 G\u00e1bor, a rendszerv\u00e1lt\u00e1skori roma \u00e9rtelmis\u00e9g meghat\u00e1roz\u00f3 alakj\u00e1nak m\u0171vei mellett Szolnoki Csanya Zsolt, Ol\u00e1h Norbert \u00e9s Farkas Clara kort\u00e1rs m\u0171v\u00e9szek install\u00e1ci\u00f3i \u00e9s Dilink\u00f3 G\u00e1bor relikvi\u00e1k l\u00e1that\u00f3k.. Kur\u00e1tor: Ol\u00e1h Norbert, Farkas Clara<\/p>\n<p><a href=\"https:\/\/buragaleria.hu\/en\/megnyilt-bizsu-es-a-forradalom-dilinko-gabor-roma-szarmazasu-festomuvesz-vilaga-a-bura-galeriaban-hirnavigator\/\" class=\"more\">see more<\/a><\/p>","protected":false},"author":1,"featured_media":0,"comment_status":"closed","ping_status":"closed","sticky":false,"template":"","format":"standard","meta":{"_acf_changed":false,"footnotes":""},"categories":[3],"tags":[],"class_list":["post-469","post","type-post","status-publish","format-standard","hentry","category-press"],"acf":[],"yoast_head":"<!-- This site is optimized with the Yoast SEO Premium plugin v26.2 (Yoast SEO v26.5) - https:\/\/yoast.com\/wordpress\/plugins\/seo\/ -->\n<title>BIZSU \u00c9S A FORRADALOM \u2013 ki\u00e1ll\u00edt\u00e1s a Bura Gal\u00e9ri\u00e1ban H\u00edrnavig\u00e1tor - Bura Gal\u00e9ria<\/title>\n<meta name=\"description\" content=\"Dilink\u00f3 G\u00e1bor roma sz\u00e1rmaz\u00e1s\u00fa fest\u0151m\u0171v\u00e9sz hal\u00e1l\u00e1nak 10. \u00e9vfordul\u00f3ja alkalm\u00e1b\u00f3l\u00a0ny\u00edlt t\u00e1rlat a j\u00f3zsefv\u00e1rosi Bura Gal\u00e9ri\u00e1ban.\" \/>\n<meta name=\"robots\" content=\"index, follow, max-snippet:-1, max-image-preview:large, max-video-preview:-1\" \/>\n<link rel=\"canonical\" href=\"https:\/\/buragaleria.hu\/en\/megnyilt-bizsu-es-a-forradalom-dilinko-gabor-roma-szarmazasu-festomuvesz-vilaga-a-bura-galeriaban-hirnavigator\/\" \/>\n<meta property=\"og:locale\" content=\"en_GB\" \/>\n<meta property=\"og:type\" content=\"article\" \/>\n<meta property=\"og:title\" content=\"Megny\u00edlt! BIZSU \u00c9S A FORRADALOM \u2013 Dilink\u00f3 G\u00e1bor roma sz\u00e1rmaz\u00e1s\u00fa fest\u0151m\u0171v\u00e9sz vil\u00e1ga a Bura Gal\u00e9ri\u00e1ban - H\u00edrnavig\u00e1tor\" \/>\n<meta property=\"og:description\" content=\"Dilink\u00f3 G\u00e1bor roma sz\u00e1rmaz\u00e1s\u00fa fest\u0151m\u0171v\u00e9sz hal\u00e1l\u00e1nak 10. \u00e9vfordul\u00f3ja alkalm\u00e1b\u00f3l\u00a0ny\u00edlt t\u00e1rlat a j\u00f3zsefv\u00e1rosi Bura Gal\u00e9ri\u00e1ban.\" \/>\n<meta property=\"og:url\" content=\"https:\/\/buragaleria.hu\/en\/megnyilt-bizsu-es-a-forradalom-dilinko-gabor-roma-szarmazasu-festomuvesz-vilaga-a-bura-galeriaban-hirnavigator\/\" \/>\n<meta property=\"og:site_name\" content=\"Bura Gal\u00e9ria\" \/>\n<meta property=\"article:published_time\" content=\"2024-09-29T10:18:00+00:00\" \/>\n<meta property=\"article:modified_time\" content=\"2025-12-12T10:21:43+00:00\" \/>\n<meta name=\"author\" content=\"admin\" \/>\n<meta name=\"twitter:card\" content=\"summary_large_image\" \/>\n<meta name=\"twitter:label1\" content=\"Written by\" \/>\n\t<meta name=\"twitter:data1\" content=\"admin\" \/>\n\t<meta name=\"twitter:label2\" content=\"Estimated reading time\" \/>\n\t<meta name=\"twitter:data2\" content=\"1 minute\" \/>\n<script type=\"application\/ld+json\" class=\"yoast-schema-graph\">{\"@context\":\"https:\/\/schema.org\",\"@graph\":[{\"@type\":\"Article\",\"@id\":\"https:\/\/buragaleria.hu\/megnyilt-bizsu-es-a-forradalom-dilinko-gabor-roma-szarmazasu-festomuvesz-vilaga-a-bura-galeriaban-hirnavigator\/#article\",\"isPartOf\":{\"@id\":\"https:\/\/buragaleria.hu\/megnyilt-bizsu-es-a-forradalom-dilinko-gabor-roma-szarmazasu-festomuvesz-vilaga-a-bura-galeriaban-hirnavigator\/\"},\"author\":{\"name\":\"admin\",\"@id\":\"https:\/\/buragaleria.hu\/#\/schema\/person\/b24f7abe62e333443d29e1034ad622e4\"},\"headline\":\"Megny\u00edlt! BIZSU \u00c9S A FORRADALOM \u2013 Dilink\u00f3 G\u00e1bor roma sz\u00e1rmaz\u00e1s\u00fa fest\u0151m\u0171v\u00e9sz vil\u00e1ga a Bura Gal\u00e9ri\u00e1ban &#8211; H\u00edrnavig\u00e1tor\",\"datePublished\":\"2024-09-29T10:18:00+00:00\",\"dateModified\":\"2025-12-12T10:21:43+00:00\",\"mainEntityOfPage\":{\"@id\":\"https:\/\/buragaleria.hu\/megnyilt-bizsu-es-a-forradalom-dilinko-gabor-roma-szarmazasu-festomuvesz-vilaga-a-bura-galeriaban-hirnavigator\/\"},\"wordCount\":89,\"publisher\":{\"@id\":\"https:\/\/buragaleria.hu\/#organization\"},\"articleSection\":[\"press\"],\"inLanguage\":\"en-GB\"},{\"@type\":\"WebPage\",\"@id\":\"https:\/\/buragaleria.hu\/megnyilt-bizsu-es-a-forradalom-dilinko-gabor-roma-szarmazasu-festomuvesz-vilaga-a-bura-galeriaban-hirnavigator\/\",\"url\":\"https:\/\/buragaleria.hu\/megnyilt-bizsu-es-a-forradalom-dilinko-gabor-roma-szarmazasu-festomuvesz-vilaga-a-bura-galeriaban-hirnavigator\/\",\"name\":\"BIZSU \u00c9S A FORRADALOM \u2013 ki\u00e1ll\u00edt\u00e1s a Bura Gal\u00e9ri\u00e1ban H\u00edrnavig\u00e1tor - Bura Gal\u00e9ria\",\"isPartOf\":{\"@id\":\"https:\/\/buragaleria.hu\/#website\"},\"datePublished\":\"2024-09-29T10:18:00+00:00\",\"dateModified\":\"2025-12-12T10:21:43+00:00\",\"description\":\"Dilink\u00f3 G\u00e1bor roma sz\u00e1rmaz\u00e1s\u00fa fest\u0151m\u0171v\u00e9sz hal\u00e1l\u00e1nak 10. \u00e9vfordul\u00f3ja alkalm\u00e1b\u00f3l\u00a0ny\u00edlt t\u00e1rlat a j\u00f3zsefv\u00e1rosi Bura Gal\u00e9ri\u00e1ban.\",\"breadcrumb\":{\"@id\":\"https:\/\/buragaleria.hu\/megnyilt-bizsu-es-a-forradalom-dilinko-gabor-roma-szarmazasu-festomuvesz-vilaga-a-bura-galeriaban-hirnavigator\/#breadcrumb\"},\"inLanguage\":\"en-GB\",\"potentialAction\":[{\"@type\":\"ReadAction\",\"target\":[\"https:\/\/buragaleria.hu\/megnyilt-bizsu-es-a-forradalom-dilinko-gabor-roma-szarmazasu-festomuvesz-vilaga-a-bura-galeriaban-hirnavigator\/\"]}]},{\"@type\":\"BreadcrumbList\",\"@id\":\"https:\/\/buragaleria.hu\/megnyilt-bizsu-es-a-forradalom-dilinko-gabor-roma-szarmazasu-festomuvesz-vilaga-a-bura-galeriaban-hirnavigator\/#breadcrumb\",\"itemListElement\":[{\"@type\":\"ListItem\",\"position\":1,\"name\":\"Kezd\u0151lap\",\"item\":\"https:\/\/buragaleria.hu\/\"},{\"@type\":\"ListItem\",\"position\":2,\"name\":\"Megny\u00edlt! BIZSU \u00c9S A FORRADALOM \u2013 Dilink\u00f3 G\u00e1bor roma sz\u00e1rmaz\u00e1s\u00fa fest\u0151m\u0171v\u00e9sz vil\u00e1ga a Bura Gal\u00e9ri\u00e1ban &#8211; H\u00edrnavig\u00e1tor\"}]},{\"@type\":\"WebSite\",\"@id\":\"https:\/\/buragaleria.hu\/#website\",\"url\":\"https:\/\/buragaleria.hu\/\",\"name\":\"Bura Gal\u00e9ria\",\"description\":\"\",\"publisher\":{\"@id\":\"https:\/\/buragaleria.hu\/#organization\"},\"potentialAction\":[{\"@type\":\"SearchAction\",\"target\":{\"@type\":\"EntryPoint\",\"urlTemplate\":\"https:\/\/buragaleria.hu\/?s={search_term_string}\"},\"query-input\":{\"@type\":\"PropertyValueSpecification\",\"valueRequired\":true,\"valueName\":\"search_term_string\"}}],\"inLanguage\":\"en-GB\"},{\"@type\":\"Organization\",\"@id\":\"https:\/\/buragaleria.hu\/#organization\",\"name\":\"Bura Gal\u00e9ria\",\"url\":\"https:\/\/buragaleria.hu\/\",\"logo\":{\"@type\":\"ImageObject\",\"inLanguage\":\"en-GB\",\"@id\":\"https:\/\/buragaleria.hu\/#\/schema\/logo\/image\/\",\"url\":\"https:\/\/buragaleria.hu\/wp-content\/uploads\/2025\/12\/cropped-BURAGALERIA-LOGO-PNG-1.png\",\"contentUrl\":\"https:\/\/buragaleria.hu\/wp-content\/uploads\/2025\/12\/cropped-BURAGALERIA-LOGO-PNG-1.png\",\"width\":224,\"height\":224,\"caption\":\"Bura Gal\u00e9ria\"},\"image\":{\"@id\":\"https:\/\/buragaleria.hu\/#\/schema\/logo\/image\/\"}},{\"@type\":\"Person\",\"@id\":\"https:\/\/buragaleria.hu\/#\/schema\/person\/b24f7abe62e333443d29e1034ad622e4\",\"name\":\"admin\",\"image\":{\"@type\":\"ImageObject\",\"inLanguage\":\"en-GB\",\"@id\":\"https:\/\/buragaleria.hu\/#\/schema\/person\/image\/\",\"url\":\"https:\/\/secure.gravatar.com\/avatar\/1f443802b8723f639adada6f89572f71c6382cd9b26f4535e7d716b8b33ad92d?s=96&d=mm&r=g\",\"contentUrl\":\"https:\/\/secure.gravatar.com\/avatar\/1f443802b8723f639adada6f89572f71c6382cd9b26f4535e7d716b8b33ad92d?s=96&d=mm&r=g\",\"caption\":\"admin\"},\"sameAs\":[\"https:\/\/buragaleria.hu\"],\"url\":\"https:\/\/buragaleria.hu\/en\/author\/admin\/\"}]}<\/script>\n<!-- \/ Yoast SEO Premium plugin. -->","yoast_head_json":{"title":"BIZSU \u00c9S A FORRADALOM \u2013 ki\u00e1ll\u00edt\u00e1s a Bura Gal\u00e9ri\u00e1ban H\u00edrnavig\u00e1tor - Bura Gal\u00e9ria","description":"Dilink\u00f3 G\u00e1bor roma sz\u00e1rmaz\u00e1s\u00fa fest\u0151m\u0171v\u00e9sz hal\u00e1l\u00e1nak 10. \u00e9vfordul\u00f3ja alkalm\u00e1b\u00f3l\u00a0ny\u00edlt t\u00e1rlat a j\u00f3zsefv\u00e1rosi Bura Gal\u00e9ri\u00e1ban.","robots":{"index":"index","follow":"follow","max-snippet":"max-snippet:-1","max-image-preview":"max-image-preview:large","max-video-preview":"max-video-preview:-1"},"canonical":"https:\/\/buragaleria.hu\/en\/megnyilt-bizsu-es-a-forradalom-dilinko-gabor-roma-szarmazasu-festomuvesz-vilaga-a-bura-galeriaban-hirnavigator\/","og_locale":"en_GB","og_type":"article","og_title":"Megny\u00edlt! BIZSU \u00c9S A FORRADALOM \u2013 Dilink\u00f3 G\u00e1bor roma sz\u00e1rmaz\u00e1s\u00fa fest\u0151m\u0171v\u00e9sz vil\u00e1ga a Bura Gal\u00e9ri\u00e1ban - H\u00edrnavig\u00e1tor","og_description":"Dilink\u00f3 G\u00e1bor roma sz\u00e1rmaz\u00e1s\u00fa fest\u0151m\u0171v\u00e9sz hal\u00e1l\u00e1nak 10. \u00e9vfordul\u00f3ja alkalm\u00e1b\u00f3l\u00a0ny\u00edlt t\u00e1rlat a j\u00f3zsefv\u00e1rosi Bura Gal\u00e9ri\u00e1ban.","og_url":"https:\/\/buragaleria.hu\/en\/megnyilt-bizsu-es-a-forradalom-dilinko-gabor-roma-szarmazasu-festomuvesz-vilaga-a-bura-galeriaban-hirnavigator\/","og_site_name":"Bura Gal\u00e9ria","article_published_time":"2024-09-29T10:18:00+00:00","article_modified_time":"2025-12-12T10:21:43+00:00","author":"admin","twitter_card":"summary_large_image","twitter_misc":{"Written by":"admin","Estimated reading time":"1 minute"},"schema":{"@context":"https:\/\/schema.org","@graph":[{"@type":"Article","@id":"https:\/\/buragaleria.hu\/megnyilt-bizsu-es-a-forradalom-dilinko-gabor-roma-szarmazasu-festomuvesz-vilaga-a-bura-galeriaban-hirnavigator\/#article","isPartOf":{"@id":"https:\/\/buragaleria.hu\/megnyilt-bizsu-es-a-forradalom-dilinko-gabor-roma-szarmazasu-festomuvesz-vilaga-a-bura-galeriaban-hirnavigator\/"},"author":{"name":"admin","@id":"https:\/\/buragaleria.hu\/#\/schema\/person\/b24f7abe62e333443d29e1034ad622e4"},"headline":"Megny\u00edlt! BIZSU \u00c9S A FORRADALOM \u2013 Dilink\u00f3 G\u00e1bor roma sz\u00e1rmaz\u00e1s\u00fa fest\u0151m\u0171v\u00e9sz vil\u00e1ga a Bura Gal\u00e9ri\u00e1ban &#8211; H\u00edrnavig\u00e1tor","datePublished":"2024-09-29T10:18:00+00:00","dateModified":"2025-12-12T10:21:43+00:00","mainEntityOfPage":{"@id":"https:\/\/buragaleria.hu\/megnyilt-bizsu-es-a-forradalom-dilinko-gabor-roma-szarmazasu-festomuvesz-vilaga-a-bura-galeriaban-hirnavigator\/"},"wordCount":89,"publisher":{"@id":"https:\/\/buragaleria.hu\/#organization"},"articleSection":["press"],"inLanguage":"en-GB"},{"@type":"WebPage","@id":"https:\/\/buragaleria.hu\/megnyilt-bizsu-es-a-forradalom-dilinko-gabor-roma-szarmazasu-festomuvesz-vilaga-a-bura-galeriaban-hirnavigator\/","url":"https:\/\/buragaleria.hu\/megnyilt-bizsu-es-a-forradalom-dilinko-gabor-roma-szarmazasu-festomuvesz-vilaga-a-bura-galeriaban-hirnavigator\/","name":"BIZSU \u00c9S A FORRADALOM \u2013 ki\u00e1ll\u00edt\u00e1s a Bura Gal\u00e9ri\u00e1ban H\u00edrnavig\u00e1tor - Bura Gal\u00e9ria","isPartOf":{"@id":"https:\/\/buragaleria.hu\/#website"},"datePublished":"2024-09-29T10:18:00+00:00","dateModified":"2025-12-12T10:21:43+00:00","description":"Dilink\u00f3 G\u00e1bor roma sz\u00e1rmaz\u00e1s\u00fa fest\u0151m\u0171v\u00e9sz hal\u00e1l\u00e1nak 10. \u00e9vfordul\u00f3ja alkalm\u00e1b\u00f3l\u00a0ny\u00edlt t\u00e1rlat a j\u00f3zsefv\u00e1rosi Bura Gal\u00e9ri\u00e1ban.","breadcrumb":{"@id":"https:\/\/buragaleria.hu\/megnyilt-bizsu-es-a-forradalom-dilinko-gabor-roma-szarmazasu-festomuvesz-vilaga-a-bura-galeriaban-hirnavigator\/#breadcrumb"},"inLanguage":"en-GB","potentialAction":[{"@type":"ReadAction","target":["https:\/\/buragaleria.hu\/megnyilt-bizsu-es-a-forradalom-dilinko-gabor-roma-szarmazasu-festomuvesz-vilaga-a-bura-galeriaban-hirnavigator\/"]}]},{"@type":"BreadcrumbList","@id":"https:\/\/buragaleria.hu\/megnyilt-bizsu-es-a-forradalom-dilinko-gabor-roma-szarmazasu-festomuvesz-vilaga-a-bura-galeriaban-hirnavigator\/#breadcrumb","itemListElement":[{"@type":"ListItem","position":1,"name":"Kezd\u0151lap","item":"https:\/\/buragaleria.hu\/"},{"@type":"ListItem","position":2,"name":"Megny\u00edlt! BIZSU \u00c9S A FORRADALOM \u2013 Dilink\u00f3 G\u00e1bor roma sz\u00e1rmaz\u00e1s\u00fa fest\u0151m\u0171v\u00e9sz vil\u00e1ga a Bura Gal\u00e9ri\u00e1ban &#8211; H\u00edrnavig\u00e1tor"}]},{"@type":"WebSite","@id":"https:\/\/buragaleria.hu\/#website","url":"https:\/\/buragaleria.hu\/","name":"Bura Gal\u00e9ria","description":"","publisher":{"@id":"https:\/\/buragaleria.hu\/#organization"},"potentialAction":[{"@type":"SearchAction","target":{"@type":"EntryPoint","urlTemplate":"https:\/\/buragaleria.hu\/?s={search_term_string}"},"query-input":{"@type":"PropertyValueSpecification","valueRequired":true,"valueName":"search_term_string"}}],"inLanguage":"en-GB"},{"@type":"Organization","@id":"https:\/\/buragaleria.hu\/#organization","name":"Bura Gal\u00e9ria","url":"https:\/\/buragaleria.hu\/","logo":{"@type":"ImageObject","inLanguage":"en-GB","@id":"https:\/\/buragaleria.hu\/#\/schema\/logo\/image\/","url":"https:\/\/buragaleria.hu\/wp-content\/uploads\/2025\/12\/cropped-BURAGALERIA-LOGO-PNG-1.png","contentUrl":"https:\/\/buragaleria.hu\/wp-content\/uploads\/2025\/12\/cropped-BURAGALERIA-LOGO-PNG-1.png","width":224,"height":224,"caption":"Bura Gal\u00e9ria"},"image":{"@id":"https:\/\/buragaleria.hu\/#\/schema\/logo\/image\/"}},{"@type":"Person","@id":"https:\/\/buragaleria.hu\/#\/schema\/person\/b24f7abe62e333443d29e1034ad622e4","name":"admin","image":{"@type":"ImageObject","inLanguage":"en-GB","@id":"https:\/\/buragaleria.hu\/#\/schema\/person\/image\/","url":"https:\/\/secure.gravatar.com\/avatar\/1f443802b8723f639adada6f89572f71c6382cd9b26f4535e7d716b8b33ad92d?s=96&d=mm&r=g","contentUrl":"https:\/\/secure.gravatar.com\/avatar\/1f443802b8723f639adada6f89572f71c6382cd9b26f4535e7d716b8b33ad92d?s=96&d=mm&r=g","caption":"admin"},"sameAs":["https:\/\/buragaleria.hu"],"url":"https:\/\/buragaleria.hu\/en\/author\/admin\/"}]}},"_links":{"self":[{"href":"https:\/\/buragaleria.hu\/en\/wp-json\/wp\/v2\/posts\/469","targetHints":{"allow":["GET"]}}],"collection":[{"href":"https:\/\/buragaleria.hu\/en\/wp-json\/wp\/v2\/posts"}],"about":[{"href":"https:\/\/buragaleria.hu\/en\/wp-json\/wp\/v2\/types\/post"}],"author":[{"embeddable":true,"href":"https:\/\/buragaleria.hu\/en\/wp-json\/wp\/v2\/users\/1"}],"replies":[{"embeddable":true,"href":"https:\/\/buragaleria.hu\/en\/wp-json\/wp\/v2\/comments?post=469"}],"version-history":[{"count":1,"href":"https:\/\/buragaleria.hu\/en\/wp-json\/wp\/v2\/posts\/469\/revisions"}],"predecessor-version":[{"id":472,"href":"https:\/\/buragaleria.hu\/en\/wp-json\/wp\/v2\/posts\/469\/revisions\/472"}],"wp:attachment":[{"href":"https:\/\/buragaleria.hu\/en\/wp-json\/wp\/v2\/media?parent=469"}],"wp:term":[{"taxonomy":"category","embeddable":true,"href":"https:\/\/buragaleria.hu\/en\/wp-json\/wp\/v2\/categories?post=469"},{"taxonomy":"post_tag","embeddable":true,"href":"https:\/\/buragaleria.hu\/en\/wp-json\/wp\/v2\/tags?post=469"}],"curies":[{"name":"wp","href":"https:\/\/api.w.org\/{rel}","templated":true}]}}