{"id":475,"date":"2024-11-26T10:26:00","date_gmt":"2024-11-26T10:26:00","guid":{"rendered":"https:\/\/buragaleria.hu\/?p=475"},"modified":"2025-12-12T10:30:50","modified_gmt":"2025-12-12T10:30:50","slug":"these-roma-are-queer-roma-lmbtq-antologia","status":"publish","type":"post","link":"https:\/\/buragaleria.hu\/en\/these-roma-are-queer-roma-lmbtq-antologia\/","title":{"rendered":"These \u200bRoma are queer \u2014 Roma LMBTQ+ antol\u00f3gia"},"content":{"rendered":"<p><span style=\"font-weight: 400;\">Egy olyan k\u00f6nyvet tart az olvas\u00f3 a kez\u00e9ben, melynek h\u0151sei a t\u00e1rsadalom egy specifikus metszet\u00e9ben mozognak, ahov\u00e1 a magyar irodalmi reprezent\u00e1ci\u00f3 nem teszi be a l\u00e1b\u00e1t \u2013 amellett, hogy rom\u00e1k, az LMBTQ+ k\u00f6z\u00f6ss\u00e9g tagjai is. Az Ame Panzh roma \u00e9rtelmis\u00e9gi kollekt\u00edva \u00e9szlelte ezt az elmarad\u00e1st, \u00e9s Az \u00e9breszt\u0151k\u00f6nyv ut\u00e1n ez\u00e9rt tartotta rendk\u00edv\u00fcl fontosnak, hogy seg\u00edtsen egy olyan antol\u00f3gia l\u00e9trehoz\u00e1s\u00e1ban, amelyben az eddig l\u00e1thatatlan emberi sorsok helyet kapnak.<\/span><\/p>\n\n\n<p><\/p>","protected":false},"excerpt":{"rendered":"<p>Egy olyan k\u00f6nyvet tart az olvas\u00f3 a kez\u00e9ben, melynek h\u0151sei a t\u00e1rsadalom egy specifikus metszet\u00e9ben mozognak, ahov\u00e1 a magyar irodalmi reprezent\u00e1ci\u00f3 nem teszi be a l\u00e1b\u00e1t \u2013 amellett, hogy rom\u00e1k, az LMBTQ+ k\u00f6z\u00f6ss\u00e9g tagjai is. Az Ame Panzh roma \u00e9rtelmis\u00e9gi kollekt\u00edva \u00e9szlelte ezt az elmarad\u00e1st, \u00e9s Az \u00e9breszt\u0151k\u00f6nyv ut\u00e1n ez\u00e9rt tartotta rendk\u00edv\u00fcl fontosnak, hogy seg\u00edtsen [&hellip;]<\/p>\n<p><a href=\"https:\/\/buragaleria.hu\/en\/these-roma-are-queer-roma-lmbtq-antologia\/\" class=\"more\">see more<\/a><\/p>","protected":false},"author":1,"featured_media":0,"comment_status":"closed","ping_status":"closed","sticky":false,"template":"","format":"standard","meta":{"_acf_changed":false,"footnotes":""},"categories":[3],"tags":[],"class_list":["post-475","post","type-post","status-publish","format-standard","hentry","category-press"],"acf":[],"yoast_head":"<!-- This site is optimized with the Yoast SEO Premium plugin v26.2 (Yoast SEO v26.5) - https:\/\/yoast.com\/wordpress\/plugins\/seo\/ -->\n<title>These \u200bRoma are queer \u2014 Roma LMBTQ+ antol\u00f3gia - Bura Gal\u00e9ria<\/title>\n<meta name=\"description\" content=\"Egy olyan k\u00f6nyvet tart az olvas\u00f3 a kez\u00e9ben, melynek h\u0151sei a t\u00e1rsadalom egy specifikus metszet\u00e9ben mozognak...\" \/>\n<meta name=\"robots\" content=\"index, follow, max-snippet:-1, max-image-preview:large, max-video-preview:-1\" \/>\n<link rel=\"canonical\" href=\"https:\/\/buragaleria.hu\/en\/these-roma-are-queer-roma-lmbtq-antologia\/\" \/>\n<meta property=\"og:locale\" content=\"en_GB\" \/>\n<meta property=\"og:type\" content=\"article\" \/>\n<meta property=\"og:title\" content=\"These \u200bRoma are queer \u2014 Roma LMBTQ+ antol\u00f3gia\" \/>\n<meta property=\"og:description\" content=\"Egy olyan k\u00f6nyvet tart az olvas\u00f3 a kez\u00e9ben, melynek h\u0151sei a t\u00e1rsadalom egy specifikus metszet\u00e9ben mozognak...\" \/>\n<meta property=\"og:url\" content=\"https:\/\/buragaleria.hu\/en\/these-roma-are-queer-roma-lmbtq-antologia\/\" \/>\n<meta property=\"og:site_name\" content=\"Bura Gal\u00e9ria\" \/>\n<meta property=\"article:published_time\" content=\"2024-11-26T10:26:00+00:00\" \/>\n<meta property=\"article:modified_time\" content=\"2025-12-12T10:30:50+00:00\" \/>\n<meta name=\"author\" content=\"admin\" \/>\n<meta name=\"twitter:card\" content=\"summary_large_image\" \/>\n<meta name=\"twitter:label1\" content=\"Written by\" \/>\n\t<meta name=\"twitter:data1\" content=\"admin\" \/>\n\t<meta name=\"twitter:label2\" content=\"Estimated reading time\" \/>\n\t<meta name=\"twitter:data2\" content=\"1 minute\" \/>\n<script type=\"application\/ld+json\" class=\"yoast-schema-graph\">{\"@context\":\"https:\/\/schema.org\",\"@graph\":[{\"@type\":\"Article\",\"@id\":\"https:\/\/buragaleria.hu\/these-roma-are-queer-roma-lmbtq-antologia\/#article\",\"isPartOf\":{\"@id\":\"https:\/\/buragaleria.hu\/these-roma-are-queer-roma-lmbtq-antologia\/\"},\"author\":{\"name\":\"admin\",\"@id\":\"https:\/\/buragaleria.hu\/#\/schema\/person\/b24f7abe62e333443d29e1034ad622e4\"},\"headline\":\"These \u200bRoma are queer \u2014 Roma LMBTQ+ antol\u00f3gia\",\"datePublished\":\"2024-11-26T10:26:00+00:00\",\"dateModified\":\"2025-12-12T10:30:50+00:00\",\"mainEntityOfPage\":{\"@id\":\"https:\/\/buragaleria.hu\/these-roma-are-queer-roma-lmbtq-antologia\/\"},\"wordCount\":101,\"publisher\":{\"@id\":\"https:\/\/buragaleria.hu\/#organization\"},\"articleSection\":[\"press\"],\"inLanguage\":\"en-GB\"},{\"@type\":\"WebPage\",\"@id\":\"https:\/\/buragaleria.hu\/these-roma-are-queer-roma-lmbtq-antologia\/\",\"url\":\"https:\/\/buragaleria.hu\/these-roma-are-queer-roma-lmbtq-antologia\/\",\"name\":\"These \u200bRoma are queer \u2014 Roma LMBTQ+ antol\u00f3gia - Bura Gal\u00e9ria\",\"isPartOf\":{\"@id\":\"https:\/\/buragaleria.hu\/#website\"},\"datePublished\":\"2024-11-26T10:26:00+00:00\",\"dateModified\":\"2025-12-12T10:30:50+00:00\",\"description\":\"Egy olyan k\u00f6nyvet tart az olvas\u00f3 a kez\u00e9ben, melynek h\u0151sei a t\u00e1rsadalom egy specifikus metszet\u00e9ben mozognak...\",\"breadcrumb\":{\"@id\":\"https:\/\/buragaleria.hu\/these-roma-are-queer-roma-lmbtq-antologia\/#breadcrumb\"},\"inLanguage\":\"en-GB\",\"potentialAction\":[{\"@type\":\"ReadAction\",\"target\":[\"https:\/\/buragaleria.hu\/these-roma-are-queer-roma-lmbtq-antologia\/\"]}]},{\"@type\":\"BreadcrumbList\",\"@id\":\"https:\/\/buragaleria.hu\/these-roma-are-queer-roma-lmbtq-antologia\/#breadcrumb\",\"itemListElement\":[{\"@type\":\"ListItem\",\"position\":1,\"name\":\"Kezd\u0151lap\",\"item\":\"https:\/\/buragaleria.hu\/\"},{\"@type\":\"ListItem\",\"position\":2,\"name\":\"These \u200bRoma are queer \u2014 Roma LMBTQ+ antol\u00f3gia\"}]},{\"@type\":\"WebSite\",\"@id\":\"https:\/\/buragaleria.hu\/#website\",\"url\":\"https:\/\/buragaleria.hu\/\",\"name\":\"Bura Gal\u00e9ria\",\"description\":\"\",\"publisher\":{\"@id\":\"https:\/\/buragaleria.hu\/#organization\"},\"potentialAction\":[{\"@type\":\"SearchAction\",\"target\":{\"@type\":\"EntryPoint\",\"urlTemplate\":\"https:\/\/buragaleria.hu\/?s={search_term_string}\"},\"query-input\":{\"@type\":\"PropertyValueSpecification\",\"valueRequired\":true,\"valueName\":\"search_term_string\"}}],\"inLanguage\":\"en-GB\"},{\"@type\":\"Organization\",\"@id\":\"https:\/\/buragaleria.hu\/#organization\",\"name\":\"Bura Gal\u00e9ria\",\"url\":\"https:\/\/buragaleria.hu\/\",\"logo\":{\"@type\":\"ImageObject\",\"inLanguage\":\"en-GB\",\"@id\":\"https:\/\/buragaleria.hu\/#\/schema\/logo\/image\/\",\"url\":\"https:\/\/buragaleria.hu\/wp-content\/uploads\/2025\/12\/cropped-BURAGALERIA-LOGO-PNG-1.png\",\"contentUrl\":\"https:\/\/buragaleria.hu\/wp-content\/uploads\/2025\/12\/cropped-BURAGALERIA-LOGO-PNG-1.png\",\"width\":224,\"height\":224,\"caption\":\"Bura Gal\u00e9ria\"},\"image\":{\"@id\":\"https:\/\/buragaleria.hu\/#\/schema\/logo\/image\/\"}},{\"@type\":\"Person\",\"@id\":\"https:\/\/buragaleria.hu\/#\/schema\/person\/b24f7abe62e333443d29e1034ad622e4\",\"name\":\"admin\",\"image\":{\"@type\":\"ImageObject\",\"inLanguage\":\"en-GB\",\"@id\":\"https:\/\/buragaleria.hu\/#\/schema\/person\/image\/\",\"url\":\"https:\/\/secure.gravatar.com\/avatar\/1f443802b8723f639adada6f89572f71c6382cd9b26f4535e7d716b8b33ad92d?s=96&d=mm&r=g\",\"contentUrl\":\"https:\/\/secure.gravatar.com\/avatar\/1f443802b8723f639adada6f89572f71c6382cd9b26f4535e7d716b8b33ad92d?s=96&d=mm&r=g\",\"caption\":\"admin\"},\"sameAs\":[\"https:\/\/buragaleria.hu\"],\"url\":\"https:\/\/buragaleria.hu\/en\/author\/admin\/\"}]}<\/script>\n<!-- \/ Yoast SEO Premium plugin. -->","yoast_head_json":{"title":"These \u200bRoma are queer \u2014 Roma LMBTQ+ antol\u00f3gia - Bura Gal\u00e9ria","description":"Egy olyan k\u00f6nyvet tart az olvas\u00f3 a kez\u00e9ben, melynek h\u0151sei a t\u00e1rsadalom egy specifikus metszet\u00e9ben mozognak...","robots":{"index":"index","follow":"follow","max-snippet":"max-snippet:-1","max-image-preview":"max-image-preview:large","max-video-preview":"max-video-preview:-1"},"canonical":"https:\/\/buragaleria.hu\/en\/these-roma-are-queer-roma-lmbtq-antologia\/","og_locale":"en_GB","og_type":"article","og_title":"These \u200bRoma are queer \u2014 Roma LMBTQ+ antol\u00f3gia","og_description":"Egy olyan k\u00f6nyvet tart az olvas\u00f3 a kez\u00e9ben, melynek h\u0151sei a t\u00e1rsadalom egy specifikus metszet\u00e9ben mozognak...","og_url":"https:\/\/buragaleria.hu\/en\/these-roma-are-queer-roma-lmbtq-antologia\/","og_site_name":"Bura Gal\u00e9ria","article_published_time":"2024-11-26T10:26:00+00:00","article_modified_time":"2025-12-12T10:30:50+00:00","author":"admin","twitter_card":"summary_large_image","twitter_misc":{"Written by":"admin","Estimated reading time":"1 minute"},"schema":{"@context":"https:\/\/schema.org","@graph":[{"@type":"Article","@id":"https:\/\/buragaleria.hu\/these-roma-are-queer-roma-lmbtq-antologia\/#article","isPartOf":{"@id":"https:\/\/buragaleria.hu\/these-roma-are-queer-roma-lmbtq-antologia\/"},"author":{"name":"admin","@id":"https:\/\/buragaleria.hu\/#\/schema\/person\/b24f7abe62e333443d29e1034ad622e4"},"headline":"These \u200bRoma are queer \u2014 Roma LMBTQ+ antol\u00f3gia","datePublished":"2024-11-26T10:26:00+00:00","dateModified":"2025-12-12T10:30:50+00:00","mainEntityOfPage":{"@id":"https:\/\/buragaleria.hu\/these-roma-are-queer-roma-lmbtq-antologia\/"},"wordCount":101,"publisher":{"@id":"https:\/\/buragaleria.hu\/#organization"},"articleSection":["press"],"inLanguage":"en-GB"},{"@type":"WebPage","@id":"https:\/\/buragaleria.hu\/these-roma-are-queer-roma-lmbtq-antologia\/","url":"https:\/\/buragaleria.hu\/these-roma-are-queer-roma-lmbtq-antologia\/","name":"These \u200bRoma are queer \u2014 Roma LMBTQ+ antol\u00f3gia - Bura Gal\u00e9ria","isPartOf":{"@id":"https:\/\/buragaleria.hu\/#website"},"datePublished":"2024-11-26T10:26:00+00:00","dateModified":"2025-12-12T10:30:50+00:00","description":"Egy olyan k\u00f6nyvet tart az olvas\u00f3 a kez\u00e9ben, melynek h\u0151sei a t\u00e1rsadalom egy specifikus metszet\u00e9ben mozognak...","breadcrumb":{"@id":"https:\/\/buragaleria.hu\/these-roma-are-queer-roma-lmbtq-antologia\/#breadcrumb"},"inLanguage":"en-GB","potentialAction":[{"@type":"ReadAction","target":["https:\/\/buragaleria.hu\/these-roma-are-queer-roma-lmbtq-antologia\/"]}]},{"@type":"BreadcrumbList","@id":"https:\/\/buragaleria.hu\/these-roma-are-queer-roma-lmbtq-antologia\/#breadcrumb","itemListElement":[{"@type":"ListItem","position":1,"name":"Kezd\u0151lap","item":"https:\/\/buragaleria.hu\/"},{"@type":"ListItem","position":2,"name":"These \u200bRoma are queer \u2014 Roma LMBTQ+ antol\u00f3gia"}]},{"@type":"WebSite","@id":"https:\/\/buragaleria.hu\/#website","url":"https:\/\/buragaleria.hu\/","name":"Bura Gal\u00e9ria","description":"","publisher":{"@id":"https:\/\/buragaleria.hu\/#organization"},"potentialAction":[{"@type":"SearchAction","target":{"@type":"EntryPoint","urlTemplate":"https:\/\/buragaleria.hu\/?s={search_term_string}"},"query-input":{"@type":"PropertyValueSpecification","valueRequired":true,"valueName":"search_term_string"}}],"inLanguage":"en-GB"},{"@type":"Organization","@id":"https:\/\/buragaleria.hu\/#organization","name":"Bura Gal\u00e9ria","url":"https:\/\/buragaleria.hu\/","logo":{"@type":"ImageObject","inLanguage":"en-GB","@id":"https:\/\/buragaleria.hu\/#\/schema\/logo\/image\/","url":"https:\/\/buragaleria.hu\/wp-content\/uploads\/2025\/12\/cropped-BURAGALERIA-LOGO-PNG-1.png","contentUrl":"https:\/\/buragaleria.hu\/wp-content\/uploads\/2025\/12\/cropped-BURAGALERIA-LOGO-PNG-1.png","width":224,"height":224,"caption":"Bura Gal\u00e9ria"},"image":{"@id":"https:\/\/buragaleria.hu\/#\/schema\/logo\/image\/"}},{"@type":"Person","@id":"https:\/\/buragaleria.hu\/#\/schema\/person\/b24f7abe62e333443d29e1034ad622e4","name":"admin","image":{"@type":"ImageObject","inLanguage":"en-GB","@id":"https:\/\/buragaleria.hu\/#\/schema\/person\/image\/","url":"https:\/\/secure.gravatar.com\/avatar\/1f443802b8723f639adada6f89572f71c6382cd9b26f4535e7d716b8b33ad92d?s=96&d=mm&r=g","contentUrl":"https:\/\/secure.gravatar.com\/avatar\/1f443802b8723f639adada6f89572f71c6382cd9b26f4535e7d716b8b33ad92d?s=96&d=mm&r=g","caption":"admin"},"sameAs":["https:\/\/buragaleria.hu"],"url":"https:\/\/buragaleria.hu\/en\/author\/admin\/"}]}},"_links":{"self":[{"href":"https:\/\/buragaleria.hu\/en\/wp-json\/wp\/v2\/posts\/475","targetHints":{"allow":["GET"]}}],"collection":[{"href":"https:\/\/buragaleria.hu\/en\/wp-json\/wp\/v2\/posts"}],"about":[{"href":"https:\/\/buragaleria.hu\/en\/wp-json\/wp\/v2\/types\/post"}],"author":[{"embeddable":true,"href":"https:\/\/buragaleria.hu\/en\/wp-json\/wp\/v2\/users\/1"}],"replies":[{"embeddable":true,"href":"https:\/\/buragaleria.hu\/en\/wp-json\/wp\/v2\/comments?post=475"}],"version-history":[{"count":1,"href":"https:\/\/buragaleria.hu\/en\/wp-json\/wp\/v2\/posts\/475\/revisions"}],"predecessor-version":[{"id":476,"href":"https:\/\/buragaleria.hu\/en\/wp-json\/wp\/v2\/posts\/475\/revisions\/476"}],"wp:attachment":[{"href":"https:\/\/buragaleria.hu\/en\/wp-json\/wp\/v2\/media?parent=475"}],"wp:term":[{"taxonomy":"category","embeddable":true,"href":"https:\/\/buragaleria.hu\/en\/wp-json\/wp\/v2\/categories?post=475"},{"taxonomy":"post_tag","embeddable":true,"href":"https:\/\/buragaleria.hu\/en\/wp-json\/wp\/v2\/tags?post=475"}],"curies":[{"name":"wp","href":"https:\/\/api.w.org\/{rel}","templated":true}]}}